{"id":38428,"date":"2026-08-12T15:28:00","date_gmt":"2026-08-12T21:28:00","guid":{"rendered":"https:\/\/www.tsc.gob.hn\/?p=38428"},"modified":"2026-09-04T15:37:11","modified_gmt":"2026-09-04T21:37:11","slug":"magistrado-presidente-participo-en-acto-conmemorativo-del-dia-nacional-de-la-libre-competencia","status":"publish","type":"post","link":"https:\/\/www.tsc.gob.hn\/index.php\/2026\/08\/12\/magistrado-presidente-participo-en-acto-conmemorativo-del-dia-nacional-de-la-libre-competencia\/","title":{"rendered":"Magistrado Presidente particip\u00f3 en acto conmemorativo del D\u00eda Nacional de la Libre Competencia"},"content":{"rendered":"\t\t<div data-elementor-type=\"wp-post\" data-elementor-id=\"38428\" class=\"elementor elementor-38428\">\n\t\t\t\t<div class=\"elementor-element elementor-element-1c7a27e e-flex e-con-boxed e-con e-parent\" data-id=\"1c7a27e\" data-element_type=\"container\" data-e-type=\"container\">\n\t\t\t\t\t<div class=\"e-con-inner\">\n\t\t\t\t<div class=\"elementor-element elementor-element-30942e2 elementor-widget elementor-widget-image\" data-id=\"30942e2\" data-element_type=\"widget\" data-e-type=\"widget\" data-widget_type=\"image.default\">\n\t\t\t\t<div class=\"elementor-widget-container\">\n\t\t\t\t\t\t\t\t\t\t\t\t<figure class=\"wp-caption\">\n\t\t\t\t\t\t\t\t\t\t<img fetchpriority=\"high\" decoding=\"async\" width=\"1600\" height=\"657\" src=\"https:\/\/www.tsc.gob.hn\/wp-content\/uploads\/Dia_Libre_competencia-1.jpg\" class=\"attachment-full size-full wp-image-38429\" alt=\"D\u00eda de Libre Competencia\" srcset=\"https:\/\/www.tsc.gob.hn\/wp-content\/uploads\/Dia_Libre_competencia-1.jpg 1600w, https:\/\/www.tsc.gob.hn\/wp-content\/uploads\/Dia_Libre_competencia-1-300x123.jpg 300w, https:\/\/www.tsc.gob.hn\/wp-content\/uploads\/Dia_Libre_competencia-1-768x315.jpg 768w, https:\/\/www.tsc.gob.hn\/wp-content\/uploads\/Dia_Libre_competencia-1-1536x631.jpg 1536w\" sizes=\"(max-width: 1600px) 100vw, 1600px\" \/>\t\t\t\t\t\t\t\t\t\t\t<figcaption class=\"widget-image-caption wp-caption-text\">El magistrado presidente Ricardo Alfredo Montes particip\u00f3 como invitado especial en la ceremonia conmemorativa del D\u00eda Nacional de la Libre\nCompetencia.<\/figcaption>\n\t\t\t\t\t\t\t\t\t\t<\/figure>\n\t\t\t\t\t\t\t\t\t<\/div>\n\t\t\t\t<\/div>\n\t\t\t\t\t<\/div>\n\t\t\t\t<\/div>\n\t\t<div class=\"elementor-element elementor-element-dabcf77 e-flex e-con-boxed e-con e-parent\" data-id=\"dabcf77\" data-element_type=\"container\" data-e-type=\"container\">\n\t\t\t\t\t<div class=\"e-con-inner\">\n\t\t\t\t<div class=\"elementor-element elementor-element-25a53bc elementor-widget elementor-widget-text-editor\" data-id=\"25a53bc\" data-element_type=\"widget\" data-e-type=\"widget\" data-widget_type=\"text-editor.default\">\n\t\t\t\t<div class=\"elementor-widget-container\">\n\t\t\t\t\t\t\t\t\t<p><strong>Tegucigalpa.<\/strong> El magistrado presidente del Tribunal Superior de Cuentas (TSC), Ricardo Alfredo Montes, particip\u00f3 como invitado especial de la ceremonia conmemorativa del D\u00eda Nacional de la Libre Competencia, celebrado el 12 de agosto en un hotel capitalino.<\/p><p>\u00a0<\/p><p>La ceremonia oficial denominada \u201cHonduras: Hacia una competencia efectiva\u201d, cont\u00f3 con la presencia del presidente de la Rep\u00fablica, Nasry Juan Asfura, y de importantes autoridades y representantes de distintos sectores del pa\u00eds, destacando la relevancia de la libre competencia para el desarrollo econ\u00f3mico y el fortalecimiento de los mercados.<\/p><p>\u00a0<\/p><p>El evento fue organizado por la Comisi\u00f3n para la Defensa y Promoci\u00f3n de la Competencia (CDPC), inaugurado por la comisionada presidente, Analina Montes, quien adem\u00e1s ofreci\u00f3 la bienvenida a los invitados especiales.<\/p><p>\u00a0<\/p><p>Luego del mensaje institucional, ofrecido por el presidente de la Rep\u00fablica, Nasry Asfura, se desarroll\u00f3 el panel \u201cPromoviendo la libre competencia para fomentar el desarrollo econ\u00f3mico de Honduras\u201d.<\/p><p>\u00a0<\/p><p>Enseguida se ofreci\u00f3 la capacitaci\u00f3n \u201cFortaleciendo la competencia: Cumplimiento, prevenci\u00f3n y modernizaci\u00f3n del control de concentraciones econ\u00f3micas\u201d y \u201cLos efectos de las concentraciones econ\u00f3micas en los mercados\u201d.<\/p>\t\t\t\t\t\t\t\t<\/div>\n\t\t\t\t<\/div>\n\t\t\t\t\t<\/div>\n\t\t\t\t<\/div>\n\t\t<div class=\"elementor-element elementor-element-5205a08 e-flex e-con-boxed e-con e-parent\" data-id=\"5205a08\" data-element_type=\"container\" data-e-type=\"container\">\n\t\t\t\t\t<div class=\"e-con-inner\">\n\t\t\t\t<div class=\"elementor-element elementor-element-618e956 elementor-widget elementor-widget-image\" data-id=\"618e956\" data-element_type=\"widget\" data-e-type=\"widget\" data-widget_type=\"image.default\">\n\t\t\t\t<div class=\"elementor-widget-container\">\n\t\t\t\t\t\t\t\t\t\t\t\t\t\t\t<img decoding=\"async\" width=\"1239\" height=\"400\" src=\"https:\/\/www.tsc.gob.hn\/wp-content\/uploads\/Banner-Dia-Libre-Competencia.png\" class=\"attachment-full size-full wp-image-38431\" alt=\"\" srcset=\"https:\/\/www.tsc.gob.hn\/wp-content\/uploads\/Banner-Dia-Libre-Competencia.png 1239w, https:\/\/www.tsc.gob.hn\/wp-content\/uploads\/Banner-Dia-Libre-Competencia-300x97.png 300w, https:\/\/www.tsc.gob.hn\/wp-content\/uploads\/Banner-Dia-Libre-Competencia-768x248.png 768w\" sizes=\"(max-width: 1239px) 100vw, 1239px\" \/>\t\t\t\t\t\t\t\t\t\t\t\t\t\t\t<\/div>\n\t\t\t\t<\/div>\n\t\t\t\t\t<\/div>\n\t\t\t\t<\/div>\n\t\t\t\t<\/div>\n\t\t","protected":false},"excerpt":{"rendered":"<p>El magistrado presidente Ricardo Alfredo Montes particip\u00f3 como invitado especial en la ceremonia conmemorativa del D\u00eda Nacional de la Libre Competencia. Tegucigalpa. El magistrado presidente del Tribunal Superior de Cuentas (TSC), Ricardo Alfredo Montes, particip\u00f3 como invitado especial de la ceremonia conmemorativa del D\u00eda Nacional de la Libre Competencia, celebrado el 12 de agosto en [&hellip;]<\/p>\n","protected":false},"author":3,"featured_media":38429,"comment_status":"open","ping_status":"open","sticky":false,"template":"elementor_header_footer","format":"standard","meta":{"_uag_custom_page_level_css":"","_monsterinsights_skip_tracking":false,"_uf_show_specific_survey":0,"_uf_disable_surveys":false,"footnotes":""},"categories":[265],"tags":[],"class_list":["post-38428","post","type-post","status-publish","format-standard","has-post-thumbnail","hentry","category-noticia"],"aioseo_notices":[],"aioseo_head":"\n\t\t<!-- All in One SEO 5.0.1.1 - aioseo.com -->\n\t<meta name=\"description\" content=\"Tegucigalpa. El magistrado presidente del Tribunal Superior de Cuentas (TSC), Ricardo Alfredo Montes, particip\u00f3 como invitado especial de la ceremonia conmemorativa del D\u00eda Nacional de la Libre Competencia, celebrado el 12 de agosto en un hotel capitalino. La ceremonia oficial denominada \u201cHonduras: Hacia una competencia efectiva\u201d, cont\u00f3 con la presencia del presidente de la Rep\u00fablica, Nasry\" \/>\n\t<meta name=\"robots\" content=\"max-image-preview:large\" \/>\n\t<meta name=\"author\" content=\"Ever Bueso\"\/>\n\t<link rel=\"canonical\" href=\"https:\/\/www.tsc.gob.hn\/index.php\/2026\/08\/12\/magistrado-presidente-participo-en-acto-conmemorativo-del-dia-nacional-de-la-libre-competencia\/\" \/>\n\t<meta name=\"generator\" content=\"All in One SEO (AIOSEO) 5.0.1.1\" \/>\n\t\t<meta property=\"og:locale\" content=\"es_ES\" \/>\n\t\t<meta property=\"og:site_name\" content=\"TSC - TSC\" \/>\n\t\t<meta property=\"og:type\" content=\"article\" \/>\n\t\t<meta property=\"og:title\" content=\"Magistrado Presidente particip\u00f3 en acto conmemorativo del D\u00eda Nacional de la Libre Competencia - TSC\" \/>\n\t\t<meta property=\"og:description\" content=\"Tegucigalpa. El magistrado presidente del Tribunal Superior de Cuentas (TSC), Ricardo Alfredo Montes, particip\u00f3 como invitado especial de la ceremonia conmemorativa del D\u00eda Nacional de la Libre Competencia, celebrado el 12 de agosto en un hotel capitalino. La ceremonia oficial denominada \u201cHonduras: Hacia una competencia efectiva\u201d, cont\u00f3 con la presencia del presidente de la Rep\u00fablica, Nasry\" \/>\n\t\t<meta property=\"og:url\" content=\"https:\/\/www.tsc.gob.hn\/index.php\/2026\/08\/12\/magistrado-presidente-participo-en-acto-conmemorativo-del-dia-nacional-de-la-libre-competencia\/\" \/>\n\t\t<meta property=\"og:image\" content=\"https:\/\/www.tsc.gob.hn\/wp-content\/uploads\/Tribunal-Superior-de-Cuentas-Logo.png\" \/>\n\t\t<meta property=\"og:image:secure_url\" content=\"https:\/\/www.tsc.gob.hn\/wp-content\/uploads\/Tribunal-Superior-de-Cuentas-Logo.png\" \/>\n\t\t<meta property=\"og:image:width\" content=\"282\" \/>\n\t\t<meta property=\"og:image:height\" content=\"250\" \/>\n\t\t<meta property=\"article:published_time\" content=\"2026-08-12T21:28:00+00:00\" \/>\n\t\t<meta property=\"article:modified_time\" content=\"2026-09-04T21:37:11+00:00\" \/>\n\t\t<meta property=\"article:publisher\" content=\"https:\/\/www.facebook.com\/tschonduras\" \/>\n\t\t<meta name=\"twitter:card\" content=\"summary_large_image\" \/>\n\t\t<meta name=\"twitter:site\" content=\"@TSCHonduras\" \/>\n\t\t<meta name=\"twitter:title\" content=\"Magistrado Presidente particip\u00f3 en acto conmemorativo del D\u00eda Nacional de la Libre Competencia - TSC\" \/>\n\t\t<meta name=\"twitter:description\" content=\"Tegucigalpa. El magistrado presidente del Tribunal Superior de Cuentas (TSC), Ricardo Alfredo Montes, particip\u00f3 como invitado especial de la ceremonia conmemorativa del D\u00eda Nacional de la Libre Competencia, celebrado el 12 de agosto en un hotel capitalino. La ceremonia oficial denominada \u201cHonduras: Hacia una competencia efectiva\u201d, cont\u00f3 con la presencia del presidente de la Rep\u00fablica, Nasry\" \/>\n\t\t<meta name=\"twitter:creator\" content=\"@TSCHonduras\" \/>\n\t\t<meta name=\"twitter:image\" content=\"https:\/\/www.tsc.gob.hn\/wp-content\/uploads\/Tribunal-Superior-de-Cuentas-Logo.png\" \/>\n\t\t<script type=\"application\/ld+json\" class=\"aioseo-schema\">\n\t\t\t{\"@context\":\"https:\\\/\\\/schema.org\",\"@graph\":[{\"@type\":\"BlogPosting\",\"@id\":\"https:\\\/\\\/www.tsc.gob.hn\\\/index.php\\\/2026\\\/08\\\/12\\\/magistrado-presidente-participo-en-acto-conmemorativo-del-dia-nacional-de-la-libre-competencia\\\/#blogposting\",\"name\":\"Magistrado Presidente particip\\u00f3 en acto conmemorativo del D\\u00eda Nacional de la Libre Competencia - TSC\",\"headline\":\"Magistrado Presidente particip\\u00f3 en acto conmemorativo del D\\u00eda Nacional de la Libre Competencia\",\"author\":{\"@id\":\"https:\\\/\\\/www.tsc.gob.hn\\\/index.php\\\/author\\\/tsc_web_adm\\\/#author\"},\"publisher\":{\"@id\":\"https:\\\/\\\/www.tsc.gob.hn\\\/#organization\"},\"image\":{\"@type\":\"ImageObject\",\"url\":\"https:\\\/\\\/www.tsc.gob.hn\\\/wp-content\\\/uploads\\\/Dia_Libre_competencia-1.jpg\",\"width\":1600,\"height\":657,\"caption\":\"El magistrado presidente Ricardo Alfredo Montes particip\\u00f3 como invitado especial en la ceremonia conmemorativa del D\\u00eda Nacional de la Libre\\nCompetencia.\"},\"datePublished\":\"2026-08-12T15:28:00-06:00\",\"dateModified\":\"2026-09-04T15:37:11-06:00\",\"inLanguage\":\"es-ES\",\"mainEntityOfPage\":{\"@id\":\"https:\\\/\\\/www.tsc.gob.hn\\\/index.php\\\/2026\\\/08\\\/12\\\/magistrado-presidente-participo-en-acto-conmemorativo-del-dia-nacional-de-la-libre-competencia\\\/#webpage\"},\"isPartOf\":{\"@id\":\"https:\\\/\\\/www.tsc.gob.hn\\\/index.php\\\/2026\\\/08\\\/12\\\/magistrado-presidente-participo-en-acto-conmemorativo-del-dia-nacional-de-la-libre-competencia\\\/#webpage\"},\"articleSection\":\"Noticia\"},{\"@type\":\"BreadcrumbList\",\"@id\":\"https:\\\/\\\/www.tsc.gob.hn\\\/index.php\\\/2026\\\/08\\\/12\\\/magistrado-presidente-participo-en-acto-conmemorativo-del-dia-nacional-de-la-libre-competencia\\\/#breadcrumblist\",\"itemListElement\":[{\"@type\":\"ListItem\",\"@id\":\"https:\\\/\\\/www.tsc.gob.hn#listItem\",\"position\":1,\"name\":\"Home\",\"item\":\"https:\\\/\\\/www.tsc.gob.hn\",\"nextItem\":{\"@type\":\"ListItem\",\"@id\":\"https:\\\/\\\/www.tsc.gob.hn\\\/index.php\\\/category\\\/noticia\\\/#listItem\",\"name\":\"Noticia\"}},{\"@type\":\"ListItem\",\"@id\":\"https:\\\/\\\/www.tsc.gob.hn\\\/index.php\\\/category\\\/noticia\\\/#listItem\",\"position\":2,\"name\":\"Noticia\",\"item\":\"https:\\\/\\\/www.tsc.gob.hn\\\/index.php\\\/category\\\/noticia\\\/\",\"nextItem\":{\"@type\":\"ListItem\",\"@id\":\"https:\\\/\\\/www.tsc.gob.hn\\\/index.php\\\/2026\\\/08\\\/12\\\/magistrado-presidente-participo-en-acto-conmemorativo-del-dia-nacional-de-la-libre-competencia\\\/#listItem\",\"name\":\"Magistrado Presidente particip\\u00f3 en acto conmemorativo del D\\u00eda Nacional de la Libre Competencia\"},\"previousItem\":{\"@type\":\"ListItem\",\"@id\":\"https:\\\/\\\/www.tsc.gob.hn#listItem\",\"name\":\"Home\"}},{\"@type\":\"ListItem\",\"@id\":\"https:\\\/\\\/www.tsc.gob.hn\\\/index.php\\\/2026\\\/08\\\/12\\\/magistrado-presidente-participo-en-acto-conmemorativo-del-dia-nacional-de-la-libre-competencia\\\/#listItem\",\"position\":3,\"name\":\"Magistrado Presidente particip\\u00f3 en acto conmemorativo del D\\u00eda Nacional de la Libre Competencia\",\"previousItem\":{\"@type\":\"ListItem\",\"@id\":\"https:\\\/\\\/www.tsc.gob.hn\\\/index.php\\\/category\\\/noticia\\\/#listItem\",\"name\":\"Noticia\"}}]},{\"@type\":\"Organization\",\"@id\":\"https:\\\/\\\/www.tsc.gob.hn\\\/#organization\",\"name\":\"TSC\",\"description\":\"TSC\",\"url\":\"https:\\\/\\\/www.tsc.gob.hn\\\/\",\"logo\":{\"@type\":\"ImageObject\",\"url\":\"https:\\\/\\\/www.tsc.gob.hn\\\/wp-content\\\/uploads\\\/Tribunal-Superior-de-Cuentas-Logo.png\",\"@id\":\"https:\\\/\\\/www.tsc.gob.hn\\\/index.php\\\/2026\\\/08\\\/12\\\/magistrado-presidente-participo-en-acto-conmemorativo-del-dia-nacional-de-la-libre-competencia\\\/#organizationLogo\",\"width\":282,\"height\":250,\"caption\":\"Logo del Tribunal Superior de Cuentas (TSC)\"},\"image\":{\"@id\":\"https:\\\/\\\/www.tsc.gob.hn\\\/index.php\\\/2026\\\/08\\\/12\\\/magistrado-presidente-participo-en-acto-conmemorativo-del-dia-nacional-de-la-libre-competencia\\\/#organizationLogo\"},\"sameAs\":[\"https:\\\/\\\/www.facebook.com\\\/tschonduras\",\"https:\\\/\\\/twitter.com\\\/TSCHonduras\",\"https:\\\/\\\/www.youtube.com\\\/channel\\\/UCtuC16XL4dMZ2t4LQC-c9BQ\"]},{\"@type\":\"Person\",\"@id\":\"https:\\\/\\\/www.tsc.gob.hn\\\/index.php\\\/author\\\/tsc_web_adm\\\/#author\",\"url\":\"https:\\\/\\\/www.tsc.gob.hn\\\/index.php\\\/author\\\/tsc_web_adm\\\/\",\"name\":\"Ever Bueso\",\"image\":{\"@type\":\"ImageObject\",\"@id\":\"https:\\\/\\\/www.tsc.gob.hn\\\/index.php\\\/2026\\\/08\\\/12\\\/magistrado-presidente-participo-en-acto-conmemorativo-del-dia-nacional-de-la-libre-competencia\\\/#authorImage\",\"url\":\"https:\\\/\\\/secure.gravatar.com\\\/avatar\\\/7e5e847e014b673d861bd4eb3a40d72ca9c90271de18ee3c099c3118fd23aa70?s=96&d=mm&r=g\",\"width\":96,\"height\":96,\"caption\":\"Ever Bueso\"}},{\"@type\":\"WebPage\",\"@id\":\"https:\\\/\\\/www.tsc.gob.hn\\\/index.php\\\/2026\\\/08\\\/12\\\/magistrado-presidente-participo-en-acto-conmemorativo-del-dia-nacional-de-la-libre-competencia\\\/#webpage\",\"url\":\"https:\\\/\\\/www.tsc.gob.hn\\\/index.php\\\/2026\\\/08\\\/12\\\/magistrado-presidente-participo-en-acto-conmemorativo-del-dia-nacional-de-la-libre-competencia\\\/\",\"name\":\"Magistrado Presidente particip\\u00f3 en acto conmemorativo del D\\u00eda Nacional de la Libre Competencia - TSC\",\"description\":\"Tegucigalpa. El magistrado presidente del Tribunal Superior de Cuentas (TSC), Ricardo Alfredo Montes, particip\\u00f3 como invitado especial de la ceremonia conmemorativa del D\\u00eda Nacional de la Libre Competencia, celebrado el 12 de agosto en un hotel capitalino. La ceremonia oficial denominada \\u201cHonduras: Hacia una competencia efectiva\\u201d, cont\\u00f3 con la presencia del presidente de la Rep\\u00fablica, Nasry\",\"inLanguage\":\"es-ES\",\"isPartOf\":{\"@id\":\"https:\\\/\\\/www.tsc.gob.hn\\\/#website\"},\"breadcrumb\":{\"@id\":\"https:\\\/\\\/www.tsc.gob.hn\\\/index.php\\\/2026\\\/08\\\/12\\\/magistrado-presidente-participo-en-acto-conmemorativo-del-dia-nacional-de-la-libre-competencia\\\/#breadcrumblist\"},\"author\":{\"@id\":\"https:\\\/\\\/www.tsc.gob.hn\\\/index.php\\\/author\\\/tsc_web_adm\\\/#author\"},\"creator\":{\"@id\":\"https:\\\/\\\/www.tsc.gob.hn\\\/index.php\\\/author\\\/tsc_web_adm\\\/#author\"},\"image\":{\"@type\":\"ImageObject\",\"url\":\"https:\\\/\\\/www.tsc.gob.hn\\\/wp-content\\\/uploads\\\/Dia_Libre_competencia-1.jpg\",\"@id\":\"https:\\\/\\\/www.tsc.gob.hn\\\/index.php\\\/2026\\\/08\\\/12\\\/magistrado-presidente-participo-en-acto-conmemorativo-del-dia-nacional-de-la-libre-competencia\\\/#mainImage\",\"width\":1600,\"height\":657,\"caption\":\"El magistrado presidente Ricardo Alfredo Montes particip\\u00f3 como invitado especial en la ceremonia conmemorativa del D\\u00eda Nacional de la Libre\\nCompetencia.\"},\"primaryImageOfPage\":{\"@id\":\"https:\\\/\\\/www.tsc.gob.hn\\\/index.php\\\/2026\\\/08\\\/12\\\/magistrado-presidente-participo-en-acto-conmemorativo-del-dia-nacional-de-la-libre-competencia\\\/#mainImage\"},\"datePublished\":\"2026-08-12T15:28:00-06:00\",\"dateModified\":\"2026-09-04T15:37:11-06:00\"},{\"@type\":\"WebSite\",\"@id\":\"https:\\\/\\\/www.tsc.gob.hn\\\/#website\",\"url\":\"https:\\\/\\\/www.tsc.gob.hn\\\/\",\"name\":\"TSC\",\"description\":\"TSC\",\"inLanguage\":\"es-ES\",\"publisher\":{\"@id\":\"https:\\\/\\\/www.tsc.gob.hn\\\/#organization\"}}]}\n\t\t<\/script>\n\t\t<!-- All in One SEO -->\n\n","aioseo_head_json":{"title":"Magistrado Presidente particip\u00f3 en acto conmemorativo del D\u00eda Nacional de la Libre Competencia - TSC","description":"Tegucigalpa. El magistrado presidente del Tribunal Superior de Cuentas (TSC), Ricardo Alfredo Montes, particip\u00f3 como invitado especial de la ceremonia conmemorativa del D\u00eda Nacional de la Libre Competencia, celebrado el 12 de agosto en un hotel capitalino. La ceremonia oficial denominada \u201cHonduras: Hacia una competencia efectiva\u201d, cont\u00f3 con la presencia del presidente de la Rep\u00fablica, Nasry","canonical_url":"https:\/\/www.tsc.gob.hn\/index.php\/2026\/08\/12\/magistrado-presidente-participo-en-acto-conmemorativo-del-dia-nacional-de-la-libre-competencia\/","robots":"max-image-preview:large","keywords":"","webmasterTools":{"miscellaneous":""},"schema":{"@context":"https:\/\/schema.org","@graph":[{"@type":"BlogPosting","@id":"https:\/\/www.tsc.gob.hn\/index.php\/2026\/08\/12\/magistrado-presidente-participo-en-acto-conmemorativo-del-dia-nacional-de-la-libre-competencia\/#blogposting","name":"Magistrado Presidente particip\u00f3 en acto conmemorativo del D\u00eda Nacional de la Libre Competencia - TSC","headline":"Magistrado Presidente particip\u00f3 en acto conmemorativo del D\u00eda Nacional de la Libre Competencia","author":{"@id":"https:\/\/www.tsc.gob.hn\/index.php\/author\/tsc_web_adm\/#author"},"publisher":{"@id":"https:\/\/www.tsc.gob.hn\/#organization"},"image":{"@type":"ImageObject","url":"https:\/\/www.tsc.gob.hn\/wp-content\/uploads\/Dia_Libre_competencia-1.jpg","width":1600,"height":657,"caption":"El magistrado presidente Ricardo Alfredo Montes particip\u00f3 como invitado especial en la ceremonia conmemorativa del D\u00eda Nacional de la Libre\nCompetencia."},"datePublished":"2026-08-12T15:28:00-06:00","dateModified":"2026-09-04T15:37:11-06:00","inLanguage":"es-ES","mainEntityOfPage":{"@id":"https:\/\/www.tsc.gob.hn\/index.php\/2026\/08\/12\/magistrado-presidente-participo-en-acto-conmemorativo-del-dia-nacional-de-la-libre-competencia\/#webpage"},"isPartOf":{"@id":"https:\/\/www.tsc.gob.hn\/index.php\/2026\/08\/12\/magistrado-presidente-participo-en-acto-conmemorativo-del-dia-nacional-de-la-libre-competencia\/#webpage"},"articleSection":"Noticia"},{"@type":"BreadcrumbList","@id":"https:\/\/www.tsc.gob.hn\/index.php\/2026\/08\/12\/magistrado-presidente-participo-en-acto-conmemorativo-del-dia-nacional-de-la-libre-competencia\/#breadcrumblist","itemListElement":[{"@type":"ListItem","@id":"https:\/\/www.tsc.gob.hn#listItem","position":1,"name":"Home","item":"https:\/\/www.tsc.gob.hn","nextItem":{"@type":"ListItem","@id":"https:\/\/www.tsc.gob.hn\/index.php\/category\/noticia\/#listItem","name":"Noticia"}},{"@type":"ListItem","@id":"https:\/\/www.tsc.gob.hn\/index.php\/category\/noticia\/#listItem","position":2,"name":"Noticia","item":"https:\/\/www.tsc.gob.hn\/index.php\/category\/noticia\/","nextItem":{"@type":"ListItem","@id":"https:\/\/www.tsc.gob.hn\/index.php\/2026\/08\/12\/magistrado-presidente-participo-en-acto-conmemorativo-del-dia-nacional-de-la-libre-competencia\/#listItem","name":"Magistrado Presidente particip\u00f3 en acto conmemorativo del D\u00eda Nacional de la Libre Competencia"},"previousItem":{"@type":"ListItem","@id":"https:\/\/www.tsc.gob.hn#listItem","name":"Home"}},{"@type":"ListItem","@id":"https:\/\/www.tsc.gob.hn\/index.php\/2026\/08\/12\/magistrado-presidente-participo-en-acto-conmemorativo-del-dia-nacional-de-la-libre-competencia\/#listItem","position":3,"name":"Magistrado Presidente particip\u00f3 en acto conmemorativo del D\u00eda Nacional de la Libre Competencia","previousItem":{"@type":"ListItem","@id":"https:\/\/www.tsc.gob.hn\/index.php\/category\/noticia\/#listItem","name":"Noticia"}}]},{"@type":"Organization","@id":"https:\/\/www.tsc.gob.hn\/#organization","name":"TSC","description":"TSC","url":"https:\/\/www.tsc.gob.hn\/","logo":{"@type":"ImageObject","url":"https:\/\/www.tsc.gob.hn\/wp-content\/uploads\/Tribunal-Superior-de-Cuentas-Logo.png","@id":"https:\/\/www.tsc.gob.hn\/index.php\/2026\/08\/12\/magistrado-presidente-participo-en-acto-conmemorativo-del-dia-nacional-de-la-libre-competencia\/#organizationLogo","width":282,"height":250,"caption":"Logo del Tribunal Superior de Cuentas (TSC)"},"image":{"@id":"https:\/\/www.tsc.gob.hn\/index.php\/2026\/08\/12\/magistrado-presidente-participo-en-acto-conmemorativo-del-dia-nacional-de-la-libre-competencia\/#organizationLogo"},"sameAs":["https:\/\/www.facebook.com\/tschonduras","https:\/\/twitter.com\/TSCHonduras","https:\/\/www.youtube.com\/channel\/UCtuC16XL4dMZ2t4LQC-c9BQ"]},{"@type":"Person","@id":"https:\/\/www.tsc.gob.hn\/index.php\/author\/tsc_web_adm\/#author","url":"https:\/\/www.tsc.gob.hn\/index.php\/author\/tsc_web_adm\/","name":"Ever Bueso","image":{"@type":"ImageObject","@id":"https:\/\/www.tsc.gob.hn\/index.php\/2026\/08\/12\/magistrado-presidente-participo-en-acto-conmemorativo-del-dia-nacional-de-la-libre-competencia\/#authorImage","url":"https:\/\/secure.gravatar.com\/avatar\/7e5e847e014b673d861bd4eb3a40d72ca9c90271de18ee3c099c3118fd23aa70?s=96&d=mm&r=g","width":96,"height":96,"caption":"Ever Bueso"}},{"@type":"WebPage","@id":"https:\/\/www.tsc.gob.hn\/index.php\/2026\/08\/12\/magistrado-presidente-participo-en-acto-conmemorativo-del-dia-nacional-de-la-libre-competencia\/#webpage","url":"https:\/\/www.tsc.gob.hn\/index.php\/2026\/08\/12\/magistrado-presidente-participo-en-acto-conmemorativo-del-dia-nacional-de-la-libre-competencia\/","name":"Magistrado Presidente particip\u00f3 en acto conmemorativo del D\u00eda Nacional de la Libre Competencia - TSC","description":"Tegucigalpa. El magistrado presidente del Tribunal Superior de Cuentas (TSC), Ricardo Alfredo Montes, particip\u00f3 como invitado especial de la ceremonia conmemorativa del D\u00eda Nacional de la Libre Competencia, celebrado el 12 de agosto en un hotel capitalino. La ceremonia oficial denominada \u201cHonduras: Hacia una competencia efectiva\u201d, cont\u00f3 con la presencia del presidente de la Rep\u00fablica, Nasry","inLanguage":"es-ES","isPartOf":{"@id":"https:\/\/www.tsc.gob.hn\/#website"},"breadcrumb":{"@id":"https:\/\/www.tsc.gob.hn\/index.php\/2026\/08\/12\/magistrado-presidente-participo-en-acto-conmemorativo-del-dia-nacional-de-la-libre-competencia\/#breadcrumblist"},"author":{"@id":"https:\/\/www.tsc.gob.hn\/index.php\/author\/tsc_web_adm\/#author"},"creator":{"@id":"https:\/\/www.tsc.gob.hn\/index.php\/author\/tsc_web_adm\/#author"},"image":{"@type":"ImageObject","url":"https:\/\/www.tsc.gob.hn\/wp-content\/uploads\/Dia_Libre_competencia-1.jpg","@id":"https:\/\/www.tsc.gob.hn\/index.php\/2026\/08\/12\/magistrado-presidente-participo-en-acto-conmemorativo-del-dia-nacional-de-la-libre-competencia\/#mainImage","width":1600,"height":657,"caption":"El magistrado presidente Ricardo Alfredo Montes particip\u00f3 como invitado especial en la ceremonia conmemorativa del D\u00eda Nacional de la Libre\nCompetencia."},"primaryImageOfPage":{"@id":"https:\/\/www.tsc.gob.hn\/index.php\/2026\/08\/12\/magistrado-presidente-participo-en-acto-conmemorativo-del-dia-nacional-de-la-libre-competencia\/#mainImage"},"datePublished":"2026-08-12T15:28:00-06:00","dateModified":"2026-09-04T15:37:11-06:00"},{"@type":"WebSite","@id":"https:\/\/www.tsc.gob.hn\/#website","url":"https:\/\/www.tsc.gob.hn\/","name":"TSC","description":"TSC","inLanguage":"es-ES","publisher":{"@id":"https:\/\/www.tsc.gob.hn\/#organization"}}]},"og:locale":"es_ES","og:site_name":"TSC - TSC","og:type":"article","og:title":"Magistrado Presidente particip\u00f3 en acto conmemorativo del D\u00eda Nacional de la Libre Competencia - TSC","og:description":"Tegucigalpa. El magistrado presidente del Tribunal Superior de Cuentas (TSC), Ricardo Alfredo Montes, particip\u00f3 como invitado especial de la ceremonia conmemorativa del D\u00eda Nacional de la Libre Competencia, celebrado el 12 de agosto en un hotel capitalino. La ceremonia oficial denominada \u201cHonduras: Hacia una competencia efectiva\u201d, cont\u00f3 con la presencia del presidente de la Rep\u00fablica, Nasry","og:url":"https:\/\/www.tsc.gob.hn\/index.php\/2026\/08\/12\/magistrado-presidente-participo-en-acto-conmemorativo-del-dia-nacional-de-la-libre-competencia\/","og:image":"https:\/\/www.tsc.gob.hn\/wp-content\/uploads\/Tribunal-Superior-de-Cuentas-Logo.png","og:image:secure_url":"https:\/\/www.tsc.gob.hn\/wp-content\/uploads\/Tribunal-Superior-de-Cuentas-Logo.png","og:image:width":282,"og:image:height":250,"article:published_time":"2026-08-12T21:28:00+00:00","article:modified_time":"2026-09-04T21:37:11+00:00","article:publisher":"https:\/\/www.facebook.com\/tschonduras","twitter:card":"summary_large_image","twitter:site":"@TSCHonduras","twitter:title":"Magistrado Presidente particip\u00f3 en acto conmemorativo del D\u00eda Nacional de la Libre Competencia - TSC","twitter:description":"Tegucigalpa. El magistrado presidente del Tribunal Superior de Cuentas (TSC), Ricardo Alfredo Montes, particip\u00f3 como invitado especial de la ceremonia conmemorativa del D\u00eda Nacional de la Libre Competencia, celebrado el 12 de agosto en un hotel capitalino. La ceremonia oficial denominada \u201cHonduras: Hacia una competencia efectiva\u201d, cont\u00f3 con la presencia del presidente de la Rep\u00fablica, Nasry","twitter:creator":"@TSCHonduras","twitter:image":"https:\/\/www.tsc.gob.hn\/wp-content\/uploads\/Tribunal-Superior-de-Cuentas-Logo.png"},"aioseo_meta_data":{"post_id":"38428","title":null,"description":null,"keywords":null,"keyphrases":{"focus":[],"additional":[]},"primary_term":null,"canonical_url":null,"og_title":null,"og_description":null,"og_object_type":"default","og_image_type":"default","og_image_url":null,"og_image_width":null,"og_image_height":null,"og_image_custom_url":null,"og_image_custom_fields":null,"og_video":"","og_custom_url":null,"og_article_section":null,"og_article_tags":null,"twitter_use_og":false,"twitter_card":"default","twitter_image_type":"default","twitter_image_url":null,"twitter_image_custom_url":null,"twitter_image_custom_fields":null,"twitter_title":null,"twitter_description":null,"schema":{"blockGraphs":[],"customGraphs":[],"default":{"data":{"Article":[],"Course":[],"Dataset":[],"FAQPage":[],"Movie":[],"Person":[],"Product":[],"ProductReview":[],"Car":[],"Recipe":[],"Service":[],"SoftwareApplication":[],"WebPage":[]},"graphName":"BlogPosting","isEnabled":true},"graphs":[]},"schema_type":"default","schema_type_options":null,"pillar_content":false,"robots_default":true,"robots_noindex":false,"robots_noarchive":false,"robots_nosnippet":false,"robots_nofollow":false,"robots_noimageindex":false,"robots_noodp":false,"robots_notranslate":false,"robots_max_snippet":"-1","robots_max_videopreview":"-1","robots_max_imagepreview":"large","priority":null,"frequency":"default","local_seo":null,"breadcrumb_settings":null,"limit_modified_date":false,"ai":{"faqs":[],"keyPoints":[],"schemas":[],"titles":[],"descriptions":[],"socialPosts":{"email":{"subject":"","preview":"","content":""},"linkedin":[],"twitter":[],"facebook":[],"instagram":[]}},"created":"2026-09-04 21:33:50","updated":"2026-09-04 22:02:18","seo_analyzer_scan_date":null,"focus_keyword":null,"additional_keywords":null,"truseo_locale":null},"aioseo_breadcrumb":"<div class=\"aioseo-breadcrumbs\"><span class=\"aioseo-breadcrumb\">\n\t\t\t<a href=\"https:\/\/www.tsc.gob.hn\" title=\"Home\">Home<\/a>\n\t\t<\/span><span class=\"aioseo-breadcrumb-separator\">&raquo;<\/span><span class=\"aioseo-breadcrumb\">\n\t\t\t<a href=\"https:\/\/www.tsc.gob.hn\/index.php\/category\/noticia\/\" title=\"Noticia\">Noticia<\/a>\n\t\t<\/span><span class=\"aioseo-breadcrumb-separator\">&raquo;<\/span><span class=\"aioseo-breadcrumb\">\n\t\t\tMagistrado Presidente particip\u00f3 en acto conmemorativo del D\u00eda Nacional de la Libre Competencia\n\t\t<\/span><\/div>","aioseo_breadcrumb_json":[{"label":"Home","link":"https:\/\/www.tsc.gob.hn"},{"label":"Noticia","link":"https:\/\/www.tsc.gob.hn\/index.php\/category\/noticia\/"},{"label":"Magistrado Presidente particip\u00f3 en acto conmemorativo del D\u00eda Nacional de la Libre Competencia","link":"https:\/\/www.tsc.gob.hn\/index.php\/2026\/08\/12\/magistrado-presidente-participo-en-acto-conmemorativo-del-dia-nacional-de-la-libre-competencia\/"}],"uagb_featured_image_src":{"full":["https:\/\/www.tsc.gob.hn\/wp-content\/uploads\/Dia_Libre_competencia-1.jpg",1600,657,false],"thumbnail":["https:\/\/www.tsc.gob.hn\/wp-content\/uploads\/Dia_Libre_competencia-1-150x150.jpg",150,150,true],"medium":["https:\/\/www.tsc.gob.hn\/wp-content\/uploads\/Dia_Libre_competencia-1-300x123.jpg",300,123,true],"medium_large":["https:\/\/www.tsc.gob.hn\/wp-content\/uploads\/Dia_Libre_competencia-1-768x315.jpg",640,263,true],"large":["https:\/\/www.tsc.gob.hn\/wp-content\/uploads\/Dia_Libre_competencia-1.jpg",640,263,false],"1536x1536":["https:\/\/www.tsc.gob.hn\/wp-content\/uploads\/Dia_Libre_competencia-1-1536x631.jpg",1536,631,true],"2048x2048":["https:\/\/www.tsc.gob.hn\/wp-content\/uploads\/Dia_Libre_competencia-1.jpg",1600,657,false],"govity_blog_370X304":["https:\/\/www.tsc.gob.hn\/wp-content\/uploads\/Dia_Libre_competencia-1-370x304.jpg",370,304,true],"govity_blog_200X283":["https:\/\/www.tsc.gob.hn\/wp-content\/uploads\/Dia_Libre_competencia-1-200x283.jpg",200,283,true],"govity_blog_770X428":["https:\/\/www.tsc.gob.hn\/wp-content\/uploads\/Dia_Libre_competencia-1-770x428.jpg",770,428,true],"govity_brand_logo_202X102":["https:\/\/www.tsc.gob.hn\/wp-content\/uploads\/Dia_Libre_competencia-1-202x102.jpg",202,102,true],"govity_brand_woo_270X308":["https:\/\/www.tsc.gob.hn\/wp-content\/uploads\/Dia_Libre_competencia-1-270x308.jpg",270,308,true],"govity_brand_70X70":["https:\/\/www.tsc.gob.hn\/wp-content\/uploads\/Dia_Libre_competencia-1-70x70.jpg",70,70,true],"psacp-medium":["https:\/\/www.tsc.gob.hn\/wp-content\/uploads\/Dia_Libre_competencia-1-500x500.jpg",500,500,true]},"uagb_author_info":{"display_name":"Ever Bueso","author_link":"https:\/\/www.tsc.gob.hn\/index.php\/author\/tsc_web_adm\/"},"uagb_comment_info":0,"uagb_excerpt":"El magistrado presidente Ricardo Alfredo Montes particip\u00f3 como invitado especial en la ceremonia conmemorativa del D\u00eda Nacional de la Libre Competencia. Tegucigalpa. El magistrado presidente del Tribunal Superior de Cuentas (TSC), Ricardo Alfredo Montes, particip\u00f3 como invitado especial de la ceremonia conmemorativa del D\u00eda Nacional de la Libre Competencia, celebrado el 12 de agosto en&hellip;","_links":{"self":[{"href":"https:\/\/www.tsc.gob.hn\/index.php\/wp-json\/wp\/v2\/posts\/38428","targetHints":{"allow":["GET"]}}],"collection":[{"href":"https:\/\/www.tsc.gob.hn\/index.php\/wp-json\/wp\/v2\/posts"}],"about":[{"href":"https:\/\/www.tsc.gob.hn\/index.php\/wp-json\/wp\/v2\/types\/post"}],"author":[{"embeddable":true,"href":"https:\/\/www.tsc.gob.hn\/index.php\/wp-json\/wp\/v2\/users\/3"}],"replies":[{"embeddable":true,"href":"https:\/\/www.tsc.gob.hn\/index.php\/wp-json\/wp\/v2\/comments?post=38428"}],"version-history":[{"count":4,"href":"https:\/\/www.tsc.gob.hn\/index.php\/wp-json\/wp\/v2\/posts\/38428\/revisions"}],"predecessor-version":[{"id":38434,"href":"https:\/\/www.tsc.gob.hn\/index.php\/wp-json\/wp\/v2\/posts\/38428\/revisions\/38434"}],"wp:featuredmedia":[{"embeddable":true,"href":"https:\/\/www.tsc.gob.hn\/index.php\/wp-json\/wp\/v2\/media\/38429"}],"wp:attachment":[{"href":"https:\/\/www.tsc.gob.hn\/index.php\/wp-json\/wp\/v2\/media?parent=38428"}],"wp:term":[{"taxonomy":"category","embeddable":true,"href":"https:\/\/www.tsc.gob.hn\/index.php\/wp-json\/wp\/v2\/categories?post=38428"},{"taxonomy":"post_tag","embeddable":true,"href":"https:\/\/www.tsc.gob.hn\/index.php\/wp-json\/wp\/v2\/tags?post=38428"}],"curies":[{"name":"wp","href":"https:\/\/api.w.org\/{rel}","templated":true}]}}