{"id":38422,"date":"2026-08-18T15:16:00","date_gmt":"2026-08-18T21:16:00","guid":{"rendered":"https:\/\/www.tsc.gob.hn\/?p=38422"},"modified":"2026-09-04T15:39:39","modified_gmt":"2026-09-04T21:39:39","slug":"magistrada-itzel-anai-palacios-participa-en-taller-tecnico-de-capacitacion-del-ccc-de-la-olacefs","status":"publish","type":"post","link":"https:\/\/www.tsc.gob.hn\/index.php\/2026\/08\/18\/magistrada-itzel-anai-palacios-participa-en-taller-tecnico-de-capacitacion-del-ccc-de-la-olacefs\/","title":{"rendered":"Magistrada Itzel Ana\u00ed Palacios participa en Taller T\u00e9cnico de Capacitaci\u00f3n del CCC de la OLACEFS"},"content":{"rendered":"\t\t<div data-elementor-type=\"wp-post\" data-elementor-id=\"38422\" class=\"elementor elementor-38422\">\n\t\t\t\t<div class=\"elementor-element elementor-element-6ac8832 e-flex e-con-boxed e-con e-parent\" data-id=\"6ac8832\" data-element_type=\"container\" data-e-type=\"container\">\n\t\t\t\t\t<div class=\"e-con-inner\">\n\t\t\t\t<div class=\"elementor-element elementor-element-390cf09 elementor-widget elementor-widget-image\" data-id=\"390cf09\" data-element_type=\"widget\" data-e-type=\"widget\" data-widget_type=\"image.default\">\n\t\t\t\t<div class=\"elementor-widget-container\">\n\t\t\t\t\t\t\t\t\t\t\t\t<figure class=\"wp-caption\">\n\t\t\t\t\t\t\t\t\t\t<img fetchpriority=\"high\" decoding=\"async\" width=\"1536\" height=\"778\" src=\"https:\/\/www.tsc.gob.hn\/wp-content\/uploads\/Taller_Olacefs.jpeg\" class=\"attachment-full size-full wp-image-38423\" alt=\"\" srcset=\"https:\/\/www.tsc.gob.hn\/wp-content\/uploads\/Taller_Olacefs.jpeg 1536w, https:\/\/www.tsc.gob.hn\/wp-content\/uploads\/Taller_Olacefs-300x152.jpeg 300w, https:\/\/www.tsc.gob.hn\/wp-content\/uploads\/Taller_Olacefs-768x389.jpeg 768w, https:\/\/www.tsc.gob.hn\/wp-content\/uploads\/Taller_Olacefs-202x102.jpeg 202w\" sizes=\"(max-width: 1536px) 100vw, 1536px\" \/>\t\t\t\t\t\t\t\t\t\t\t<figcaption class=\"widget-image-caption wp-caption-text\">La magistrada Itzel Ana\u00ed Palacios particip\u00f3 en el Taller T\u00e9cnico de Capacitaci\u00f3n 2026 del Comit\u00e9 de Creaci\u00f3n de Capacidades de la OLACEFS,\ndesarrollado en Bogot\u00e1, Colombia.<\/figcaption>\n\t\t\t\t\t\t\t\t\t\t<\/figure>\n\t\t\t\t\t\t\t\t\t<\/div>\n\t\t\t\t<\/div>\n\t\t\t\t\t<\/div>\n\t\t\t\t<\/div>\n\t\t<div class=\"elementor-element elementor-element-c3c9949 e-flex e-con-boxed e-con e-parent\" data-id=\"c3c9949\" data-element_type=\"container\" data-e-type=\"container\">\n\t\t\t\t\t<div class=\"e-con-inner\">\n\t\t\t\t<div class=\"elementor-element elementor-element-54e2980 elementor-widget elementor-widget-text-editor\" data-id=\"54e2980\" data-element_type=\"widget\" data-e-type=\"widget\" data-widget_type=\"text-editor.default\">\n\t\t\t\t<div class=\"elementor-widget-container\">\n\t\t\t\t\t\t\t\t\t<p><strong>Colombia.<\/strong> La magistrada del Tribunal Superior de Cuentas (TSC), Itzel Ana\u00ed Palacios Siwady, particip\u00f3 en el Taller T\u00e9cnico de Capacitaci\u00f3n 2026, del Comit\u00e9 de Creaci\u00f3n de Capacidades (CCC) de la Organizaci\u00f3n Latinoamericana y del Caribe de Entidades Fiscalizadoras Superiores (OLACEFS), desarrollado del 18 al 20 de agosto en Bogot\u00e1, Colombia.<\/p><p>\u00a0<\/p><p>El encuentro reuni\u00f3 a representantes de las Entidades Fiscalizadoras Superiores (EFS) de Argentina, Brasil, Chile, Colombia, Ecuador, Paraguay, Per\u00fa, Uruguay y Honduras, adem\u00e1s de organismos cooperantes como la Iniciativa de Desarrollo de la INTOSAI (IDI), la Cooperaci\u00f3n Alemana GIZ y el Banco Interamericano de Desarrollo (BID).<\/p><p>\u00a0<\/p><p>La participaci\u00f3n de la magistrada permiti\u00f3 al TSC formar parte de este espacio de intercambio de experiencias y trabajo conjunto entre las EFS de la regi\u00f3n, donde se analizaron los desaf\u00edos actuales del control fiscal y las necesidades de capacitaci\u00f3n de las instituciones fiscalizadoras.<\/p><p>\u00a0<\/p><p>Durante las tres jornadas se abordaron temas relacionados con innovaci\u00f3n, gesti\u00f3n del conocimiento, inteligencia artificial, transformaci\u00f3n digital, cambio clim\u00e1tico, compras y contrataci\u00f3n p\u00fablica, gesti\u00f3n de valor p\u00fablico y desarrollo estrat\u00e9gico.<\/p><p>\u00a0<\/p><p><strong>Principales temas del taller<\/strong><\/p><p>Durante el primer d\u00eda se presentaron los avances del Comit\u00e9 de Creaci\u00f3n de Capacidades y las acciones de capacitaci\u00f3n previstas para 2026. Tambi\u00e9n se conocieron experiencias de cooperaci\u00f3n de la IDI y el BID.<\/p><p>\u00a0<\/p><p>El BID present\u00f3 el programa de becas AcademiaBID para OLACEFS, mediante Coursera, que contempla 250 cupos para la regi\u00f3n, en diferentes \u00e1reas tem\u00e1ticas.<\/p><p>\u00a0<\/p><p>Asimismo, se desarroll\u00f3 el panel \u201cRetos y desaf\u00edos en el control fiscal\u201d, con la participaci\u00f3n de autoridades de Colombia, y se present\u00f3 un estudio sobre el estado de la gesti\u00f3n del conocimiento en las EFS de la OLACEFS.<\/p><p>\u00a0<\/p><p>La primera jornada concluy\u00f3 con una presentaci\u00f3n de la GIZ sobre nuevas metodolog\u00edas para el desarrollo de capacidades, incluyendo el aprendizaje de personas adultas y el uso de la inteligencia artificial.<\/p><p>\u00a0<\/p><p>Durante el segundo d\u00eda se presentaron iniciativas como \u201cCreando Valor P\u00fablico\u201d y \u201cMIRADA IA\u201d, esta \u00faltima enfocada en conocer la percepci\u00f3n de los funcionarios de las EFS frente a la inteligencia artificial y la digitalizaci\u00f3n del trabajo auditor.<\/p><p>\u00a0<\/p><p>Tambi\u00e9n se dieron a conocer los avances de las diferentes Fuerzas de Tarea del CCC, relacionadas con temas como medio ambiente y cambio clim\u00e1tico, transformaci\u00f3n digital, seguimiento y monitoreo, prevenci\u00f3n y lucha contra la corrupci\u00f3n y compras y contrataci\u00f3n p\u00fablica.<\/p><p>\u00a0<\/p><p>Adem\u00e1s, se present\u00f3 el trabajo de AdaptaInfra-GIZ para fortalecer las capacidades de auditor\u00eda en materia de infraestructura sostenible.<\/p><p>\u00a0<\/p><p><strong>Definen \u00e1reas prioritarias de capacitaci\u00f3n<\/strong><\/p><p>Durante la jornada final, las delegaciones continuaron trabajando en la identificaci\u00f3n y priorizaci\u00f3n de las necesidades de capacitaci\u00f3n de las EFS.<\/p><p>\u00a0<\/p><p>Como resultado, se establecieron cinco \u00e1reas prioritarias: Transformaci\u00f3n Digital, Gesti\u00f3n de Valor P\u00fablico, Cambio Clim\u00e1tico, Compras y Contrataci\u00f3n P\u00fablica, y Desarrollo y Gesti\u00f3n Estrat\u00e9gica.<\/p><p>\u00a0<\/p><p>Tambi\u00e9n se trabaj\u00f3 en acuerdos y pr\u00f3ximos pasos para continuar fortaleciendo las capacidades de las entidades fiscalizadoras de la regi\u00f3n.<\/p><p>\u00a0<\/p><p>Otro de los temas abordados fue la fiscalizaci\u00f3n ante situaciones de desastre. En este punto, el Tribunal de Cuentas de la Uni\u00f3n de Brasil present\u00f3 una propuesta de auditor\u00eda coordinada, orientada a identificar oportunidades y generar insumos que contribuyan al fortalecimiento de la resiliencia de los pa\u00edses ante desastres.<\/p><p>\u00a0<\/p><p><strong>Agenda del taller<\/strong><\/p><p>18 de agosto: Apertura, innovaci\u00f3n para el control fiscal, avances del CCC, cooperaci\u00f3n con la IDI y el BID, gesti\u00f3n del conocimiento, panel sobre retos del control fiscal y metodolog\u00edas innovadoras de aprendizaje.<\/p><p>\u00a0<\/p><p>19 de agosto: Presentaci\u00f3n de las Fuerzas de Tarea, avances de las Rutas de Aprendizaje, auditor\u00eda de infraestructura sostenible e identificaci\u00f3n de necesidades actuales y emergentes de capacitaci\u00f3n.<\/p><p>\u00a0<\/p><p>20 de agosto: Priorizaci\u00f3n de \u00e1reas tem\u00e1ticas, definici\u00f3n de criterios, acuerdos y pr\u00f3ximos pasos, presentaci\u00f3n de resultados del taller y propuesta de auditor\u00eda coordinada sobre fiscalizaci\u00f3n de desastres.<\/p><p>\u00a0<\/p><p>La participaci\u00f3n de la magistrada Itzel Ana\u00ed Palacios Siwady permiti\u00f3 al TSC afianzar la integraci\u00f3n a este espacio regional de capacitaci\u00f3n e intercambio de experiencias entre las Entidades Fiscalizadoras Superiores de la OLACEFS.<\/p>\t\t\t\t\t\t\t\t<\/div>\n\t\t\t\t<\/div>\n\t\t\t\t\t<\/div>\n\t\t\t\t<\/div>\n\t\t\t\t<\/div>\n\t\t","protected":false},"excerpt":{"rendered":"<p>La magistrada Itzel Ana\u00ed Palacios particip\u00f3 en el Taller T\u00e9cnico de Capacitaci\u00f3n 2026 del Comit\u00e9 de Creaci\u00f3n de Capacidades de la OLACEFS, desarrollado en Bogot\u00e1, Colombia. Colombia. La magistrada del Tribunal Superior de Cuentas (TSC), Itzel Ana\u00ed Palacios Siwady, particip\u00f3 en el Taller T\u00e9cnico de Capacitaci\u00f3n 2026, del Comit\u00e9 de Creaci\u00f3n de Capacidades (CCC) de [&hellip;]<\/p>\n","protected":false},"author":3,"featured_media":38423,"comment_status":"open","ping_status":"open","sticky":false,"template":"elementor_header_footer","format":"standard","meta":{"_uag_custom_page_level_css":"","_monsterinsights_skip_tracking":false,"_uf_show_specific_survey":0,"_uf_disable_surveys":false,"footnotes":""},"categories":[265],"tags":[],"class_list":["post-38422","post","type-post","status-publish","format-standard","has-post-thumbnail","hentry","category-noticia"],"aioseo_notices":[],"aioseo_head":"\n\t\t<!-- All in One SEO 5.0.1.1 - aioseo.com -->\n\t<meta name=\"description\" content=\"Colombia. La magistrada del Tribunal Superior de Cuentas (TSC), Itzel Ana\u00ed Palacios Siwady, particip\u00f3 en el Taller T\u00e9cnico de Capacitaci\u00f3n 2026, del Comit\u00e9 de Creaci\u00f3n de Capacidades (CCC) de la Organizaci\u00f3n Latinoamericana y del Caribe de Entidades Fiscalizadoras Superiores (OLACEFS), desarrollado del 18 al 20 de agosto en Bogot\u00e1, Colombia. El encuentro reuni\u00f3 a representantes de\" \/>\n\t<meta name=\"robots\" content=\"max-image-preview:large\" \/>\n\t<meta name=\"author\" content=\"Ever Bueso\"\/>\n\t<link rel=\"canonical\" href=\"https:\/\/www.tsc.gob.hn\/index.php\/2026\/08\/18\/magistrada-itzel-anai-palacios-participa-en-taller-tecnico-de-capacitacion-del-ccc-de-la-olacefs\/\" \/>\n\t<meta name=\"generator\" content=\"All in One SEO (AIOSEO) 5.0.1.1\" \/>\n\t\t<meta property=\"og:locale\" content=\"es_ES\" \/>\n\t\t<meta property=\"og:site_name\" content=\"TSC - TSC\" \/>\n\t\t<meta property=\"og:type\" content=\"article\" \/>\n\t\t<meta property=\"og:title\" content=\"Magistrada Itzel Ana\u00ed Palacios participa en Taller T\u00e9cnico de Capacitaci\u00f3n del CCC de la OLACEFS - TSC\" \/>\n\t\t<meta property=\"og:description\" content=\"Colombia. La magistrada del Tribunal Superior de Cuentas (TSC), Itzel Ana\u00ed Palacios Siwady, particip\u00f3 en el Taller T\u00e9cnico de Capacitaci\u00f3n 2026, del Comit\u00e9 de Creaci\u00f3n de Capacidades (CCC) de la Organizaci\u00f3n Latinoamericana y del Caribe de Entidades Fiscalizadoras Superiores (OLACEFS), desarrollado del 18 al 20 de agosto en Bogot\u00e1, Colombia. El encuentro reuni\u00f3 a representantes de\" \/>\n\t\t<meta property=\"og:url\" content=\"https:\/\/www.tsc.gob.hn\/index.php\/2026\/08\/18\/magistrada-itzel-anai-palacios-participa-en-taller-tecnico-de-capacitacion-del-ccc-de-la-olacefs\/\" \/>\n\t\t<meta property=\"og:image\" content=\"https:\/\/www.tsc.gob.hn\/wp-content\/uploads\/Tribunal-Superior-de-Cuentas-Logo.png\" \/>\n\t\t<meta property=\"og:image:secure_url\" content=\"https:\/\/www.tsc.gob.hn\/wp-content\/uploads\/Tribunal-Superior-de-Cuentas-Logo.png\" \/>\n\t\t<meta property=\"og:image:width\" content=\"282\" \/>\n\t\t<meta property=\"og:image:height\" content=\"250\" \/>\n\t\t<meta property=\"article:published_time\" content=\"2026-08-18T21:16:00+00:00\" \/>\n\t\t<meta property=\"article:modified_time\" content=\"2026-09-04T21:39:39+00:00\" \/>\n\t\t<meta property=\"article:publisher\" content=\"https:\/\/www.facebook.com\/tschonduras\" \/>\n\t\t<meta name=\"twitter:card\" content=\"summary_large_image\" \/>\n\t\t<meta name=\"twitter:site\" content=\"@TSCHonduras\" \/>\n\t\t<meta name=\"twitter:title\" content=\"Magistrada Itzel Ana\u00ed Palacios participa en Taller T\u00e9cnico de Capacitaci\u00f3n del CCC de la OLACEFS - TSC\" \/>\n\t\t<meta name=\"twitter:description\" content=\"Colombia. La magistrada del Tribunal Superior de Cuentas (TSC), Itzel Ana\u00ed Palacios Siwady, particip\u00f3 en el Taller T\u00e9cnico de Capacitaci\u00f3n 2026, del Comit\u00e9 de Creaci\u00f3n de Capacidades (CCC) de la Organizaci\u00f3n Latinoamericana y del Caribe de Entidades Fiscalizadoras Superiores (OLACEFS), desarrollado del 18 al 20 de agosto en Bogot\u00e1, Colombia. El encuentro reuni\u00f3 a representantes de\" \/>\n\t\t<meta name=\"twitter:creator\" content=\"@TSCHonduras\" \/>\n\t\t<meta name=\"twitter:image\" content=\"https:\/\/www.tsc.gob.hn\/wp-content\/uploads\/Tribunal-Superior-de-Cuentas-Logo.png\" \/>\n\t\t<script type=\"application\/ld+json\" class=\"aioseo-schema\">\n\t\t\t{\"@context\":\"https:\\\/\\\/schema.org\",\"@graph\":[{\"@type\":\"BlogPosting\",\"@id\":\"https:\\\/\\\/www.tsc.gob.hn\\\/index.php\\\/2026\\\/08\\\/18\\\/magistrada-itzel-anai-palacios-participa-en-taller-tecnico-de-capacitacion-del-ccc-de-la-olacefs\\\/#blogposting\",\"name\":\"Magistrada Itzel Ana\\u00ed Palacios participa en Taller T\\u00e9cnico de Capacitaci\\u00f3n del CCC de la OLACEFS - TSC\",\"headline\":\"Magistrada Itzel Ana\\u00ed Palacios participa en Taller T\\u00e9cnico de Capacitaci\\u00f3n del CCC de la OLACEFS\",\"author\":{\"@id\":\"https:\\\/\\\/www.tsc.gob.hn\\\/index.php\\\/author\\\/tsc_web_adm\\\/#author\"},\"publisher\":{\"@id\":\"https:\\\/\\\/www.tsc.gob.hn\\\/#organization\"},\"image\":{\"@type\":\"ImageObject\",\"url\":\"https:\\\/\\\/www.tsc.gob.hn\\\/wp-content\\\/uploads\\\/Taller_Olacefs.jpeg\",\"width\":1536,\"height\":778,\"caption\":\"La magistrada Itzel Ana\\u00ed Palacios particip\\u00f3 en el Taller T\\u00e9cnico de Capacitaci\\u00f3n 2026 del Comit\\u00e9 de Creaci\\u00f3n de Capacidades de la OLACEFS,\\ndesarrollado en Bogot\\u00e1, Colombia.\"},\"datePublished\":\"2026-08-18T15:16:00-06:00\",\"dateModified\":\"2026-09-04T15:39:39-06:00\",\"inLanguage\":\"es-ES\",\"mainEntityOfPage\":{\"@id\":\"https:\\\/\\\/www.tsc.gob.hn\\\/index.php\\\/2026\\\/08\\\/18\\\/magistrada-itzel-anai-palacios-participa-en-taller-tecnico-de-capacitacion-del-ccc-de-la-olacefs\\\/#webpage\"},\"isPartOf\":{\"@id\":\"https:\\\/\\\/www.tsc.gob.hn\\\/index.php\\\/2026\\\/08\\\/18\\\/magistrada-itzel-anai-palacios-participa-en-taller-tecnico-de-capacitacion-del-ccc-de-la-olacefs\\\/#webpage\"},\"articleSection\":\"Noticia\"},{\"@type\":\"BreadcrumbList\",\"@id\":\"https:\\\/\\\/www.tsc.gob.hn\\\/index.php\\\/2026\\\/08\\\/18\\\/magistrada-itzel-anai-palacios-participa-en-taller-tecnico-de-capacitacion-del-ccc-de-la-olacefs\\\/#breadcrumblist\",\"itemListElement\":[{\"@type\":\"ListItem\",\"@id\":\"https:\\\/\\\/www.tsc.gob.hn#listItem\",\"position\":1,\"name\":\"Home\",\"item\":\"https:\\\/\\\/www.tsc.gob.hn\",\"nextItem\":{\"@type\":\"ListItem\",\"@id\":\"https:\\\/\\\/www.tsc.gob.hn\\\/index.php\\\/category\\\/noticia\\\/#listItem\",\"name\":\"Noticia\"}},{\"@type\":\"ListItem\",\"@id\":\"https:\\\/\\\/www.tsc.gob.hn\\\/index.php\\\/category\\\/noticia\\\/#listItem\",\"position\":2,\"name\":\"Noticia\",\"item\":\"https:\\\/\\\/www.tsc.gob.hn\\\/index.php\\\/category\\\/noticia\\\/\",\"nextItem\":{\"@type\":\"ListItem\",\"@id\":\"https:\\\/\\\/www.tsc.gob.hn\\\/index.php\\\/2026\\\/08\\\/18\\\/magistrada-itzel-anai-palacios-participa-en-taller-tecnico-de-capacitacion-del-ccc-de-la-olacefs\\\/#listItem\",\"name\":\"Magistrada Itzel Ana\\u00ed Palacios participa en Taller T\\u00e9cnico de Capacitaci\\u00f3n del CCC de la OLACEFS\"},\"previousItem\":{\"@type\":\"ListItem\",\"@id\":\"https:\\\/\\\/www.tsc.gob.hn#listItem\",\"name\":\"Home\"}},{\"@type\":\"ListItem\",\"@id\":\"https:\\\/\\\/www.tsc.gob.hn\\\/index.php\\\/2026\\\/08\\\/18\\\/magistrada-itzel-anai-palacios-participa-en-taller-tecnico-de-capacitacion-del-ccc-de-la-olacefs\\\/#listItem\",\"position\":3,\"name\":\"Magistrada Itzel Ana\\u00ed Palacios participa en Taller T\\u00e9cnico de Capacitaci\\u00f3n del CCC de la OLACEFS\",\"previousItem\":{\"@type\":\"ListItem\",\"@id\":\"https:\\\/\\\/www.tsc.gob.hn\\\/index.php\\\/category\\\/noticia\\\/#listItem\",\"name\":\"Noticia\"}}]},{\"@type\":\"Organization\",\"@id\":\"https:\\\/\\\/www.tsc.gob.hn\\\/#organization\",\"name\":\"TSC\",\"description\":\"TSC\",\"url\":\"https:\\\/\\\/www.tsc.gob.hn\\\/\",\"logo\":{\"@type\":\"ImageObject\",\"url\":\"https:\\\/\\\/www.tsc.gob.hn\\\/wp-content\\\/uploads\\\/Tribunal-Superior-de-Cuentas-Logo.png\",\"@id\":\"https:\\\/\\\/www.tsc.gob.hn\\\/index.php\\\/2026\\\/08\\\/18\\\/magistrada-itzel-anai-palacios-participa-en-taller-tecnico-de-capacitacion-del-ccc-de-la-olacefs\\\/#organizationLogo\",\"width\":282,\"height\":250,\"caption\":\"Logo del Tribunal Superior de Cuentas (TSC)\"},\"image\":{\"@id\":\"https:\\\/\\\/www.tsc.gob.hn\\\/index.php\\\/2026\\\/08\\\/18\\\/magistrada-itzel-anai-palacios-participa-en-taller-tecnico-de-capacitacion-del-ccc-de-la-olacefs\\\/#organizationLogo\"},\"sameAs\":[\"https:\\\/\\\/www.facebook.com\\\/tschonduras\",\"https:\\\/\\\/twitter.com\\\/TSCHonduras\",\"https:\\\/\\\/www.youtube.com\\\/channel\\\/UCtuC16XL4dMZ2t4LQC-c9BQ\"]},{\"@type\":\"Person\",\"@id\":\"https:\\\/\\\/www.tsc.gob.hn\\\/index.php\\\/author\\\/tsc_web_adm\\\/#author\",\"url\":\"https:\\\/\\\/www.tsc.gob.hn\\\/index.php\\\/author\\\/tsc_web_adm\\\/\",\"name\":\"Ever Bueso\",\"image\":{\"@type\":\"ImageObject\",\"@id\":\"https:\\\/\\\/www.tsc.gob.hn\\\/index.php\\\/2026\\\/08\\\/18\\\/magistrada-itzel-anai-palacios-participa-en-taller-tecnico-de-capacitacion-del-ccc-de-la-olacefs\\\/#authorImage\",\"url\":\"https:\\\/\\\/secure.gravatar.com\\\/avatar\\\/7e5e847e014b673d861bd4eb3a40d72ca9c90271de18ee3c099c3118fd23aa70?s=96&d=mm&r=g\",\"width\":96,\"height\":96,\"caption\":\"Ever Bueso\"}},{\"@type\":\"WebPage\",\"@id\":\"https:\\\/\\\/www.tsc.gob.hn\\\/index.php\\\/2026\\\/08\\\/18\\\/magistrada-itzel-anai-palacios-participa-en-taller-tecnico-de-capacitacion-del-ccc-de-la-olacefs\\\/#webpage\",\"url\":\"https:\\\/\\\/www.tsc.gob.hn\\\/index.php\\\/2026\\\/08\\\/18\\\/magistrada-itzel-anai-palacios-participa-en-taller-tecnico-de-capacitacion-del-ccc-de-la-olacefs\\\/\",\"name\":\"Magistrada Itzel Ana\\u00ed Palacios participa en Taller T\\u00e9cnico de Capacitaci\\u00f3n del CCC de la OLACEFS - TSC\",\"description\":\"Colombia. La magistrada del Tribunal Superior de Cuentas (TSC), Itzel Ana\\u00ed Palacios Siwady, particip\\u00f3 en el Taller T\\u00e9cnico de Capacitaci\\u00f3n 2026, del Comit\\u00e9 de Creaci\\u00f3n de Capacidades (CCC) de la Organizaci\\u00f3n Latinoamericana y del Caribe de Entidades Fiscalizadoras Superiores (OLACEFS), desarrollado del 18 al 20 de agosto en Bogot\\u00e1, Colombia. El encuentro reuni\\u00f3 a representantes de\",\"inLanguage\":\"es-ES\",\"isPartOf\":{\"@id\":\"https:\\\/\\\/www.tsc.gob.hn\\\/#website\"},\"breadcrumb\":{\"@id\":\"https:\\\/\\\/www.tsc.gob.hn\\\/index.php\\\/2026\\\/08\\\/18\\\/magistrada-itzel-anai-palacios-participa-en-taller-tecnico-de-capacitacion-del-ccc-de-la-olacefs\\\/#breadcrumblist\"},\"author\":{\"@id\":\"https:\\\/\\\/www.tsc.gob.hn\\\/index.php\\\/author\\\/tsc_web_adm\\\/#author\"},\"creator\":{\"@id\":\"https:\\\/\\\/www.tsc.gob.hn\\\/index.php\\\/author\\\/tsc_web_adm\\\/#author\"},\"image\":{\"@type\":\"ImageObject\",\"url\":\"https:\\\/\\\/www.tsc.gob.hn\\\/wp-content\\\/uploads\\\/Taller_Olacefs.jpeg\",\"@id\":\"https:\\\/\\\/www.tsc.gob.hn\\\/index.php\\\/2026\\\/08\\\/18\\\/magistrada-itzel-anai-palacios-participa-en-taller-tecnico-de-capacitacion-del-ccc-de-la-olacefs\\\/#mainImage\",\"width\":1536,\"height\":778,\"caption\":\"La magistrada Itzel Ana\\u00ed Palacios particip\\u00f3 en el Taller T\\u00e9cnico de Capacitaci\\u00f3n 2026 del Comit\\u00e9 de Creaci\\u00f3n de Capacidades de la OLACEFS,\\ndesarrollado en Bogot\\u00e1, Colombia.\"},\"primaryImageOfPage\":{\"@id\":\"https:\\\/\\\/www.tsc.gob.hn\\\/index.php\\\/2026\\\/08\\\/18\\\/magistrada-itzel-anai-palacios-participa-en-taller-tecnico-de-capacitacion-del-ccc-de-la-olacefs\\\/#mainImage\"},\"datePublished\":\"2026-08-18T15:16:00-06:00\",\"dateModified\":\"2026-09-04T15:39:39-06:00\"},{\"@type\":\"WebSite\",\"@id\":\"https:\\\/\\\/www.tsc.gob.hn\\\/#website\",\"url\":\"https:\\\/\\\/www.tsc.gob.hn\\\/\",\"name\":\"TSC\",\"description\":\"TSC\",\"inLanguage\":\"es-ES\",\"publisher\":{\"@id\":\"https:\\\/\\\/www.tsc.gob.hn\\\/#organization\"}}]}\n\t\t<\/script>\n\t\t<!-- All in One SEO -->\n\n","aioseo_head_json":{"title":"Magistrada Itzel Ana\u00ed Palacios participa en Taller T\u00e9cnico de Capacitaci\u00f3n del CCC de la OLACEFS - TSC","description":"Colombia. La magistrada del Tribunal Superior de Cuentas (TSC), Itzel Ana\u00ed Palacios Siwady, particip\u00f3 en el Taller T\u00e9cnico de Capacitaci\u00f3n 2026, del Comit\u00e9 de Creaci\u00f3n de Capacidades (CCC) de la Organizaci\u00f3n Latinoamericana y del Caribe de Entidades Fiscalizadoras Superiores (OLACEFS), desarrollado del 18 al 20 de agosto en Bogot\u00e1, Colombia. El encuentro reuni\u00f3 a representantes de","canonical_url":"https:\/\/www.tsc.gob.hn\/index.php\/2026\/08\/18\/magistrada-itzel-anai-palacios-participa-en-taller-tecnico-de-capacitacion-del-ccc-de-la-olacefs\/","robots":"max-image-preview:large","keywords":"","webmasterTools":{"miscellaneous":""},"schema":{"@context":"https:\/\/schema.org","@graph":[{"@type":"BlogPosting","@id":"https:\/\/www.tsc.gob.hn\/index.php\/2026\/08\/18\/magistrada-itzel-anai-palacios-participa-en-taller-tecnico-de-capacitacion-del-ccc-de-la-olacefs\/#blogposting","name":"Magistrada Itzel Ana\u00ed Palacios participa en Taller T\u00e9cnico de Capacitaci\u00f3n del CCC de la OLACEFS - TSC","headline":"Magistrada Itzel Ana\u00ed Palacios participa en Taller T\u00e9cnico de Capacitaci\u00f3n del CCC de la OLACEFS","author":{"@id":"https:\/\/www.tsc.gob.hn\/index.php\/author\/tsc_web_adm\/#author"},"publisher":{"@id":"https:\/\/www.tsc.gob.hn\/#organization"},"image":{"@type":"ImageObject","url":"https:\/\/www.tsc.gob.hn\/wp-content\/uploads\/Taller_Olacefs.jpeg","width":1536,"height":778,"caption":"La magistrada Itzel Ana\u00ed Palacios particip\u00f3 en el Taller T\u00e9cnico de Capacitaci\u00f3n 2026 del Comit\u00e9 de Creaci\u00f3n de Capacidades de la OLACEFS,\ndesarrollado en Bogot\u00e1, Colombia."},"datePublished":"2026-08-18T15:16:00-06:00","dateModified":"2026-09-04T15:39:39-06:00","inLanguage":"es-ES","mainEntityOfPage":{"@id":"https:\/\/www.tsc.gob.hn\/index.php\/2026\/08\/18\/magistrada-itzel-anai-palacios-participa-en-taller-tecnico-de-capacitacion-del-ccc-de-la-olacefs\/#webpage"},"isPartOf":{"@id":"https:\/\/www.tsc.gob.hn\/index.php\/2026\/08\/18\/magistrada-itzel-anai-palacios-participa-en-taller-tecnico-de-capacitacion-del-ccc-de-la-olacefs\/#webpage"},"articleSection":"Noticia"},{"@type":"BreadcrumbList","@id":"https:\/\/www.tsc.gob.hn\/index.php\/2026\/08\/18\/magistrada-itzel-anai-palacios-participa-en-taller-tecnico-de-capacitacion-del-ccc-de-la-olacefs\/#breadcrumblist","itemListElement":[{"@type":"ListItem","@id":"https:\/\/www.tsc.gob.hn#listItem","position":1,"name":"Home","item":"https:\/\/www.tsc.gob.hn","nextItem":{"@type":"ListItem","@id":"https:\/\/www.tsc.gob.hn\/index.php\/category\/noticia\/#listItem","name":"Noticia"}},{"@type":"ListItem","@id":"https:\/\/www.tsc.gob.hn\/index.php\/category\/noticia\/#listItem","position":2,"name":"Noticia","item":"https:\/\/www.tsc.gob.hn\/index.php\/category\/noticia\/","nextItem":{"@type":"ListItem","@id":"https:\/\/www.tsc.gob.hn\/index.php\/2026\/08\/18\/magistrada-itzel-anai-palacios-participa-en-taller-tecnico-de-capacitacion-del-ccc-de-la-olacefs\/#listItem","name":"Magistrada Itzel Ana\u00ed Palacios participa en Taller T\u00e9cnico de Capacitaci\u00f3n del CCC de la OLACEFS"},"previousItem":{"@type":"ListItem","@id":"https:\/\/www.tsc.gob.hn#listItem","name":"Home"}},{"@type":"ListItem","@id":"https:\/\/www.tsc.gob.hn\/index.php\/2026\/08\/18\/magistrada-itzel-anai-palacios-participa-en-taller-tecnico-de-capacitacion-del-ccc-de-la-olacefs\/#listItem","position":3,"name":"Magistrada Itzel Ana\u00ed Palacios participa en Taller T\u00e9cnico de Capacitaci\u00f3n del CCC de la OLACEFS","previousItem":{"@type":"ListItem","@id":"https:\/\/www.tsc.gob.hn\/index.php\/category\/noticia\/#listItem","name":"Noticia"}}]},{"@type":"Organization","@id":"https:\/\/www.tsc.gob.hn\/#organization","name":"TSC","description":"TSC","url":"https:\/\/www.tsc.gob.hn\/","logo":{"@type":"ImageObject","url":"https:\/\/www.tsc.gob.hn\/wp-content\/uploads\/Tribunal-Superior-de-Cuentas-Logo.png","@id":"https:\/\/www.tsc.gob.hn\/index.php\/2026\/08\/18\/magistrada-itzel-anai-palacios-participa-en-taller-tecnico-de-capacitacion-del-ccc-de-la-olacefs\/#organizationLogo","width":282,"height":250,"caption":"Logo del Tribunal Superior de Cuentas (TSC)"},"image":{"@id":"https:\/\/www.tsc.gob.hn\/index.php\/2026\/08\/18\/magistrada-itzel-anai-palacios-participa-en-taller-tecnico-de-capacitacion-del-ccc-de-la-olacefs\/#organizationLogo"},"sameAs":["https:\/\/www.facebook.com\/tschonduras","https:\/\/twitter.com\/TSCHonduras","https:\/\/www.youtube.com\/channel\/UCtuC16XL4dMZ2t4LQC-c9BQ"]},{"@type":"Person","@id":"https:\/\/www.tsc.gob.hn\/index.php\/author\/tsc_web_adm\/#author","url":"https:\/\/www.tsc.gob.hn\/index.php\/author\/tsc_web_adm\/","name":"Ever Bueso","image":{"@type":"ImageObject","@id":"https:\/\/www.tsc.gob.hn\/index.php\/2026\/08\/18\/magistrada-itzel-anai-palacios-participa-en-taller-tecnico-de-capacitacion-del-ccc-de-la-olacefs\/#authorImage","url":"https:\/\/secure.gravatar.com\/avatar\/7e5e847e014b673d861bd4eb3a40d72ca9c90271de18ee3c099c3118fd23aa70?s=96&d=mm&r=g","width":96,"height":96,"caption":"Ever Bueso"}},{"@type":"WebPage","@id":"https:\/\/www.tsc.gob.hn\/index.php\/2026\/08\/18\/magistrada-itzel-anai-palacios-participa-en-taller-tecnico-de-capacitacion-del-ccc-de-la-olacefs\/#webpage","url":"https:\/\/www.tsc.gob.hn\/index.php\/2026\/08\/18\/magistrada-itzel-anai-palacios-participa-en-taller-tecnico-de-capacitacion-del-ccc-de-la-olacefs\/","name":"Magistrada Itzel Ana\u00ed Palacios participa en Taller T\u00e9cnico de Capacitaci\u00f3n del CCC de la OLACEFS - TSC","description":"Colombia. La magistrada del Tribunal Superior de Cuentas (TSC), Itzel Ana\u00ed Palacios Siwady, particip\u00f3 en el Taller T\u00e9cnico de Capacitaci\u00f3n 2026, del Comit\u00e9 de Creaci\u00f3n de Capacidades (CCC) de la Organizaci\u00f3n Latinoamericana y del Caribe de Entidades Fiscalizadoras Superiores (OLACEFS), desarrollado del 18 al 20 de agosto en Bogot\u00e1, Colombia. El encuentro reuni\u00f3 a representantes de","inLanguage":"es-ES","isPartOf":{"@id":"https:\/\/www.tsc.gob.hn\/#website"},"breadcrumb":{"@id":"https:\/\/www.tsc.gob.hn\/index.php\/2026\/08\/18\/magistrada-itzel-anai-palacios-participa-en-taller-tecnico-de-capacitacion-del-ccc-de-la-olacefs\/#breadcrumblist"},"author":{"@id":"https:\/\/www.tsc.gob.hn\/index.php\/author\/tsc_web_adm\/#author"},"creator":{"@id":"https:\/\/www.tsc.gob.hn\/index.php\/author\/tsc_web_adm\/#author"},"image":{"@type":"ImageObject","url":"https:\/\/www.tsc.gob.hn\/wp-content\/uploads\/Taller_Olacefs.jpeg","@id":"https:\/\/www.tsc.gob.hn\/index.php\/2026\/08\/18\/magistrada-itzel-anai-palacios-participa-en-taller-tecnico-de-capacitacion-del-ccc-de-la-olacefs\/#mainImage","width":1536,"height":778,"caption":"La magistrada Itzel Ana\u00ed Palacios particip\u00f3 en el Taller T\u00e9cnico de Capacitaci\u00f3n 2026 del Comit\u00e9 de Creaci\u00f3n de Capacidades de la OLACEFS,\ndesarrollado en Bogot\u00e1, Colombia."},"primaryImageOfPage":{"@id":"https:\/\/www.tsc.gob.hn\/index.php\/2026\/08\/18\/magistrada-itzel-anai-palacios-participa-en-taller-tecnico-de-capacitacion-del-ccc-de-la-olacefs\/#mainImage"},"datePublished":"2026-08-18T15:16:00-06:00","dateModified":"2026-09-04T15:39:39-06:00"},{"@type":"WebSite","@id":"https:\/\/www.tsc.gob.hn\/#website","url":"https:\/\/www.tsc.gob.hn\/","name":"TSC","description":"TSC","inLanguage":"es-ES","publisher":{"@id":"https:\/\/www.tsc.gob.hn\/#organization"}}]},"og:locale":"es_ES","og:site_name":"TSC - TSC","og:type":"article","og:title":"Magistrada Itzel Ana\u00ed Palacios participa en Taller T\u00e9cnico de Capacitaci\u00f3n del CCC de la OLACEFS - TSC","og:description":"Colombia. La magistrada del Tribunal Superior de Cuentas (TSC), Itzel Ana\u00ed Palacios Siwady, particip\u00f3 en el Taller T\u00e9cnico de Capacitaci\u00f3n 2026, del Comit\u00e9 de Creaci\u00f3n de Capacidades (CCC) de la Organizaci\u00f3n Latinoamericana y del Caribe de Entidades Fiscalizadoras Superiores (OLACEFS), desarrollado del 18 al 20 de agosto en Bogot\u00e1, Colombia. El encuentro reuni\u00f3 a representantes de","og:url":"https:\/\/www.tsc.gob.hn\/index.php\/2026\/08\/18\/magistrada-itzel-anai-palacios-participa-en-taller-tecnico-de-capacitacion-del-ccc-de-la-olacefs\/","og:image":"https:\/\/www.tsc.gob.hn\/wp-content\/uploads\/Tribunal-Superior-de-Cuentas-Logo.png","og:image:secure_url":"https:\/\/www.tsc.gob.hn\/wp-content\/uploads\/Tribunal-Superior-de-Cuentas-Logo.png","og:image:width":282,"og:image:height":250,"article:published_time":"2026-08-18T21:16:00+00:00","article:modified_time":"2026-09-04T21:39:39+00:00","article:publisher":"https:\/\/www.facebook.com\/tschonduras","twitter:card":"summary_large_image","twitter:site":"@TSCHonduras","twitter:title":"Magistrada Itzel Ana\u00ed Palacios participa en Taller T\u00e9cnico de Capacitaci\u00f3n del CCC de la OLACEFS - TSC","twitter:description":"Colombia. La magistrada del Tribunal Superior de Cuentas (TSC), Itzel Ana\u00ed Palacios Siwady, particip\u00f3 en el Taller T\u00e9cnico de Capacitaci\u00f3n 2026, del Comit\u00e9 de Creaci\u00f3n de Capacidades (CCC) de la Organizaci\u00f3n Latinoamericana y del Caribe de Entidades Fiscalizadoras Superiores (OLACEFS), desarrollado del 18 al 20 de agosto en Bogot\u00e1, Colombia. El encuentro reuni\u00f3 a representantes de","twitter:creator":"@TSCHonduras","twitter:image":"https:\/\/www.tsc.gob.hn\/wp-content\/uploads\/Tribunal-Superior-de-Cuentas-Logo.png"},"aioseo_meta_data":{"post_id":"38422","title":null,"description":null,"keywords":null,"keyphrases":{"focus":[],"additional":[]},"primary_term":null,"canonical_url":null,"og_title":null,"og_description":null,"og_object_type":"default","og_image_type":"default","og_image_url":null,"og_image_width":null,"og_image_height":null,"og_image_custom_url":null,"og_image_custom_fields":null,"og_video":"","og_custom_url":null,"og_article_section":null,"og_article_tags":null,"twitter_use_og":false,"twitter_card":"default","twitter_image_type":"default","twitter_image_url":null,"twitter_image_custom_url":null,"twitter_image_custom_fields":null,"twitter_title":null,"twitter_description":null,"schema":{"blockGraphs":[],"customGraphs":[],"default":{"data":{"Article":[],"Course":[],"Dataset":[],"FAQPage":[],"Movie":[],"Person":[],"Product":[],"ProductReview":[],"Car":[],"Recipe":[],"Service":[],"SoftwareApplication":[],"WebPage":[]},"graphName":"BlogPosting","isEnabled":true},"graphs":[]},"schema_type":"default","schema_type_options":null,"pillar_content":false,"robots_default":true,"robots_noindex":false,"robots_noarchive":false,"robots_nosnippet":false,"robots_nofollow":false,"robots_noimageindex":false,"robots_noodp":false,"robots_notranslate":false,"robots_max_snippet":"-1","robots_max_videopreview":"-1","robots_max_imagepreview":"large","priority":null,"frequency":"default","local_seo":null,"breadcrumb_settings":null,"limit_modified_date":false,"ai":{"faqs":[],"keyPoints":[],"schemas":[],"titles":[],"descriptions":[],"socialPosts":{"email":{"subject":"","preview":"","content":""},"linkedin":[],"twitter":[],"facebook":[],"instagram":[]}},"created":"2026-09-04 21:22:59","updated":"2026-09-04 22:02:17","seo_analyzer_scan_date":null,"focus_keyword":null,"additional_keywords":null,"truseo_locale":null},"aioseo_breadcrumb":"<div class=\"aioseo-breadcrumbs\"><span class=\"aioseo-breadcrumb\">\n\t\t\t<a href=\"https:\/\/www.tsc.gob.hn\" title=\"Home\">Home<\/a>\n\t\t<\/span><span class=\"aioseo-breadcrumb-separator\">&raquo;<\/span><span class=\"aioseo-breadcrumb\">\n\t\t\t<a href=\"https:\/\/www.tsc.gob.hn\/index.php\/category\/noticia\/\" title=\"Noticia\">Noticia<\/a>\n\t\t<\/span><span class=\"aioseo-breadcrumb-separator\">&raquo;<\/span><span class=\"aioseo-breadcrumb\">\n\t\t\tMagistrada Itzel Ana\u00ed Palacios participa en Taller T\u00e9cnico de Capacitaci\u00f3n del CCC de la OLACEFS\n\t\t<\/span><\/div>","aioseo_breadcrumb_json":[{"label":"Home","link":"https:\/\/www.tsc.gob.hn"},{"label":"Noticia","link":"https:\/\/www.tsc.gob.hn\/index.php\/category\/noticia\/"},{"label":"Magistrada Itzel Ana\u00ed Palacios participa en Taller T\u00e9cnico de Capacitaci\u00f3n del CCC de la OLACEFS","link":"https:\/\/www.tsc.gob.hn\/index.php\/2026\/08\/18\/magistrada-itzel-anai-palacios-participa-en-taller-tecnico-de-capacitacion-del-ccc-de-la-olacefs\/"}],"uagb_featured_image_src":{"full":["https:\/\/www.tsc.gob.hn\/wp-content\/uploads\/Taller_Olacefs.jpeg",1536,778,false],"thumbnail":["https:\/\/www.tsc.gob.hn\/wp-content\/uploads\/Taller_Olacefs-150x150.jpeg",150,150,true],"medium":["https:\/\/www.tsc.gob.hn\/wp-content\/uploads\/Taller_Olacefs-300x152.jpeg",300,152,true],"medium_large":["https:\/\/www.tsc.gob.hn\/wp-content\/uploads\/Taller_Olacefs-768x389.jpeg",640,324,true],"large":["https:\/\/www.tsc.gob.hn\/wp-content\/uploads\/Taller_Olacefs.jpeg",640,324,false],"1536x1536":["https:\/\/www.tsc.gob.hn\/wp-content\/uploads\/Taller_Olacefs.jpeg",1536,778,false],"2048x2048":["https:\/\/www.tsc.gob.hn\/wp-content\/uploads\/Taller_Olacefs.jpeg",1536,778,false],"govity_blog_370X304":["https:\/\/www.tsc.gob.hn\/wp-content\/uploads\/Taller_Olacefs-370x304.jpeg",370,304,true],"govity_blog_200X283":["https:\/\/www.tsc.gob.hn\/wp-content\/uploads\/Taller_Olacefs-200x283.jpeg",200,283,true],"govity_blog_770X428":["https:\/\/www.tsc.gob.hn\/wp-content\/uploads\/Taller_Olacefs-770x428.jpeg",770,428,true],"govity_brand_logo_202X102":["https:\/\/www.tsc.gob.hn\/wp-content\/uploads\/Taller_Olacefs-202x102.jpeg",202,102,true],"govity_brand_woo_270X308":["https:\/\/www.tsc.gob.hn\/wp-content\/uploads\/Taller_Olacefs-270x308.jpeg",270,308,true],"govity_brand_70X70":["https:\/\/www.tsc.gob.hn\/wp-content\/uploads\/Taller_Olacefs-70x70.jpeg",70,70,true],"psacp-medium":["https:\/\/www.tsc.gob.hn\/wp-content\/uploads\/Taller_Olacefs-500x500.jpeg",500,500,true]},"uagb_author_info":{"display_name":"Ever Bueso","author_link":"https:\/\/www.tsc.gob.hn\/index.php\/author\/tsc_web_adm\/"},"uagb_comment_info":0,"uagb_excerpt":"La magistrada Itzel Ana\u00ed Palacios particip\u00f3 en el Taller T\u00e9cnico de Capacitaci\u00f3n 2026 del Comit\u00e9 de Creaci\u00f3n de Capacidades de la OLACEFS, desarrollado en Bogot\u00e1, Colombia. Colombia. La magistrada del Tribunal Superior de Cuentas (TSC), Itzel Ana\u00ed Palacios Siwady, particip\u00f3 en el Taller T\u00e9cnico de Capacitaci\u00f3n 2026, del Comit\u00e9 de Creaci\u00f3n de Capacidades (CCC) de&hellip;","_links":{"self":[{"href":"https:\/\/www.tsc.gob.hn\/index.php\/wp-json\/wp\/v2\/posts\/38422","targetHints":{"allow":["GET"]}}],"collection":[{"href":"https:\/\/www.tsc.gob.hn\/index.php\/wp-json\/wp\/v2\/posts"}],"about":[{"href":"https:\/\/www.tsc.gob.hn\/index.php\/wp-json\/wp\/v2\/types\/post"}],"author":[{"embeddable":true,"href":"https:\/\/www.tsc.gob.hn\/index.php\/wp-json\/wp\/v2\/users\/3"}],"replies":[{"embeddable":true,"href":"https:\/\/www.tsc.gob.hn\/index.php\/wp-json\/wp\/v2\/comments?post=38422"}],"version-history":[{"count":7,"href":"https:\/\/www.tsc.gob.hn\/index.php\/wp-json\/wp\/v2\/posts\/38422\/revisions"}],"predecessor-version":[{"id":38437,"href":"https:\/\/www.tsc.gob.hn\/index.php\/wp-json\/wp\/v2\/posts\/38422\/revisions\/38437"}],"wp:featuredmedia":[{"embeddable":true,"href":"https:\/\/www.tsc.gob.hn\/index.php\/wp-json\/wp\/v2\/media\/38423"}],"wp:attachment":[{"href":"https:\/\/www.tsc.gob.hn\/index.php\/wp-json\/wp\/v2\/media?parent=38422"}],"wp:term":[{"taxonomy":"category","embeddable":true,"href":"https:\/\/www.tsc.gob.hn\/index.php\/wp-json\/wp\/v2\/categories?post=38422"},{"taxonomy":"post_tag","embeddable":true,"href":"https:\/\/www.tsc.gob.hn\/index.php\/wp-json\/wp\/v2\/tags?post=38422"}],"curies":[{"name":"wp","href":"https:\/\/api.w.org\/{rel}","templated":true}]}}