{"id":38411,"date":"2026-08-21T14:57:00","date_gmt":"2026-08-21T20:57:00","guid":{"rendered":"https:\/\/www.tsc.gob.hn\/?p=38411"},"modified":"2026-09-04T15:10:22","modified_gmt":"2026-09-04T21:10:22","slug":"magistrado-presidente-invitado-especial-en-entrega-de-primer-lote-de-maquinaria-a-municipalidades","status":"publish","type":"post","link":"https:\/\/www.tsc.gob.hn\/index.php\/2026\/08\/21\/magistrado-presidente-invitado-especial-en-entrega-de-primer-lote-de-maquinaria-a-municipalidades\/","title":{"rendered":"Magistrado Presidente invitado especial en entrega de primer lote de maquinaria a municipalidades"},"content":{"rendered":"\t\t<div data-elementor-type=\"wp-post\" data-elementor-id=\"38411\" class=\"elementor elementor-38411\">\n\t\t\t\t<div class=\"elementor-element elementor-element-5d40806 e-flex e-con-boxed e-con e-parent\" data-id=\"5d40806\" data-element_type=\"container\" data-e-type=\"container\">\n\t\t\t\t\t<div class=\"e-con-inner\">\n\t\t\t\t<div class=\"elementor-element elementor-element-683a147 elementor-widget elementor-widget-image\" data-id=\"683a147\" data-element_type=\"widget\" data-e-type=\"widget\" data-widget_type=\"image.default\">\n\t\t\t\t<div class=\"elementor-widget-container\">\n\t\t\t\t\t\t\t\t\t\t\t\t<figure class=\"wp-caption\">\n\t\t\t\t\t\t\t\t\t\t<img fetchpriority=\"high\" decoding=\"async\" width=\"1188\" height=\"638\" src=\"https:\/\/www.tsc.gob.hn\/wp-content\/uploads\/Maquinaria_Municipal-2.jpg\" class=\"attachment-full size-full wp-image-38412\" alt=\"Magistrado presidente en entrega de maquinaria municipal\" srcset=\"https:\/\/www.tsc.gob.hn\/wp-content\/uploads\/Maquinaria_Municipal-2.jpg 1188w, https:\/\/www.tsc.gob.hn\/wp-content\/uploads\/Maquinaria_Municipal-2-300x161.jpg 300w, https:\/\/www.tsc.gob.hn\/wp-content\/uploads\/Maquinaria_Municipal-2-768x412.jpg 768w\" sizes=\"(max-width: 1188px) 100vw, 1188px\" \/>\t\t\t\t\t\t\t\t\t\t\t<figcaption class=\"widget-image-caption wp-caption-text\">El magistrado presidente del TSC, Ricardo Alfredo Montes, particip\u00f3 como invitado especial en el acto de entrega del primer lote de maquinaria\na municipalidades.<\/figcaption>\n\t\t\t\t\t\t\t\t\t\t<\/figure>\n\t\t\t\t\t\t\t\t\t<\/div>\n\t\t\t\t<\/div>\n\t\t\t\t\t<\/div>\n\t\t\t\t<\/div>\n\t\t<div class=\"elementor-element elementor-element-fe778c3 e-flex e-con-boxed e-con e-parent\" data-id=\"fe778c3\" data-element_type=\"container\" data-e-type=\"container\">\n\t\t\t\t\t<div class=\"e-con-inner\">\n\t\t<div class=\"elementor-element elementor-element-44e9346 e-con-full e-flex e-con e-child\" data-id=\"44e9346\" data-element_type=\"container\" data-e-type=\"container\">\n\t\t\t\t<div class=\"elementor-element elementor-element-86a9906 elementor-widget elementor-widget-text-editor\" data-id=\"86a9906\" data-element_type=\"widget\" data-e-type=\"widget\" data-widget_type=\"text-editor.default\">\n\t\t\t\t<div class=\"elementor-widget-container\">\n\t\t\t\t\t\t\t\t\t<p><strong>San Pedro Sula.<\/strong> El magistrado presidente del Tribunal Superior de Cuentas (TSC), Ricardo Alfredo Montes, particip\u00f3 como invitado especial del acto de lanzamiento del Programa Especial de Adquisici\u00f3n y Asignaci\u00f3n de Maquinaria y Equipo para las Alcald\u00edas Municipales, impulsado por el presidente de la Rep\u00fablica, Nasry Juan Asfura Zablah.<\/p><p>\u00a0<\/p><p>El acto se celebr\u00f3 en San Pedro Sula el 21 de agosto, 2026, a partir de las 10:00 a. m., en el plantel de Camosa en San Pedro Sula, donde se congregaron autoridades del Gobierno de la Rep\u00fablica, diputados del Congreso Nacional, alcaldes y alcaldesas del pa\u00eds, de instituciones con rango constitucional y de Organismos No Gubernamentales.<\/p><p>\u00a0<\/p><p>El kit de maquinaria pesada fue entregada por la Secretar\u00eda de Infraestructura y Transporte (SIT), con el presidente Nasry Asfura como testigo de honor, compuesto por retroexcavadora, motoniveladora, vibro compactador, tractor de oruga, volqueta y tanque cisterna de agua.<\/p><p>\u00a0<\/p><p>En cumplimiento de sus facultades legales, el TSC supervisar\u00e1 el uso y destino de la maquinaria mediante un modelo de control concurrente y permanente, a fin de verificar que sea utilizada exclusivamente para fines oficiales, no particulares, y que se mantenga en las condiciones en que fue recibida.<\/p><p><br \/>Asimismo, en cumplimiento del decreto que autoriza las compras directas, sustentado en un decreto de emergencia y en la Ley de Contrataci\u00f3n del Estado, el TSC recibi\u00f3 la documentaci\u00f3n correspondiente a los procesos de adquisici\u00f3n de la maquinaria asignada a las municipalidades.<br \/><br \/>La entrega, realizada en San Pedro Sula, permitir\u00e1 a las alcald\u00edas contar con mejores herramientas para atender las necesidades de sus comunidades y fortalecer las labores de mantenimiento y mejoramiento de la infraestructura vial.<\/p><p>\u00a0<\/p><p>Esta iniciativa pretende fortalecer las capacidades de los gobiernos municipales para el mantenimiento, rehabilitaci\u00f3n y mejoramiento de la red vial nacional urbana y rural, brindar respuestas concretas a las necesidades de sus comunidades, contribuyendo al desarrollo local y al bienestar de las familias.<\/p><p>\u00a0<\/p><p>En su primera etapa, el programa beneficiar\u00e1 a 120 municipalidades del pa\u00eds, mediante la asignaci\u00f3n de maquinaria en cumplimiento del Decreto Legislativo 8-2026. El primer lote se entreg\u00f3 ese viernes a 84 corporaciones municipales.<\/p><p>\u00a0<\/p><p>La inversi\u00f3n inicial de esta primera etapa asciende a 20 millones de d\u00f3lares, cada m\u00e1quina cuenta con un sistema de telemetr\u00eda que permitir\u00e1 monitorear su operaci\u00f3n y productividad a nivel municipal, con la finalidad de generar un impacto real del programa en cada comunidad.<\/p>\t\t\t\t\t\t\t\t<\/div>\n\t\t\t\t<\/div>\n\t\t\t\t<\/div>\n\t\t<div class=\"elementor-element elementor-element-a5b77bb e-con-full e-flex e-con e-child\" data-id=\"a5b77bb\" data-element_type=\"container\" data-e-type=\"container\">\n\t\t\t\t<div class=\"elementor-element elementor-element-64e7f52 elementor-widget elementor-widget-image\" data-id=\"64e7f52\" data-element_type=\"widget\" data-e-type=\"widget\" data-widget_type=\"image.default\">\n\t\t\t\t<div class=\"elementor-widget-container\">\n\t\t\t\t\t\t\t\t\t\t\t\t<figure class=\"wp-caption\">\n\t\t\t\t\t\t\t\t\t\t<img decoding=\"async\" width=\"640\" height=\"480\" src=\"https:\/\/www.tsc.gob.hn\/wp-content\/uploads\/Maquinaria_Municipal-3.jpg\" class=\"attachment-large size-large wp-image-38414\" alt=\"Magistrado Ricardo Montes en entrega de maquinaria municipal\" srcset=\"https:\/\/www.tsc.gob.hn\/wp-content\/uploads\/Maquinaria_Municipal-3.jpg 1280w, https:\/\/www.tsc.gob.hn\/wp-content\/uploads\/Maquinaria_Municipal-3-300x225.jpg 300w, https:\/\/www.tsc.gob.hn\/wp-content\/uploads\/Maquinaria_Municipal-3-768x576.jpg 768w\" sizes=\"(max-width: 640px) 100vw, 640px\" \/>\t\t\t\t\t\t\t\t\t\t\t<figcaption class=\"widget-image-caption wp-caption-text\">El TSC supervisar\u00e1 mediante Control Concurrente y permanente el\nuso y destino de la maquinaria asignada a las alcald\u00edas.<\/figcaption>\n\t\t\t\t\t\t\t\t\t\t<\/figure>\n\t\t\t\t\t\t\t\t\t<\/div>\n\t\t\t\t<\/div>\n\t\t\t\t<div class=\"elementor-element elementor-element-f803113 elementor-widget elementor-widget-image\" data-id=\"f803113\" data-element_type=\"widget\" data-e-type=\"widget\" data-widget_type=\"image.default\">\n\t\t\t\t<div class=\"elementor-widget-container\">\n\t\t\t\t\t\t\t\t\t\t\t\t\t\t\t<img decoding=\"async\" width=\"640\" height=\"853\" src=\"https:\/\/www.tsc.gob.hn\/wp-content\/uploads\/Maquinaria_Municipal-1.jpg\" class=\"attachment-large size-large wp-image-38415\" alt=\"Maquinaria municipal\" srcset=\"https:\/\/www.tsc.gob.hn\/wp-content\/uploads\/Maquinaria_Municipal-1.jpg 1200w, https:\/\/www.tsc.gob.hn\/wp-content\/uploads\/Maquinaria_Municipal-1-225x300.jpg 225w, https:\/\/www.tsc.gob.hn\/wp-content\/uploads\/Maquinaria_Municipal-1-768x1024.jpg 768w, https:\/\/www.tsc.gob.hn\/wp-content\/uploads\/Maquinaria_Municipal-1-1152x1536.jpg 1152w\" sizes=\"(max-width: 640px) 100vw, 640px\" \/>\t\t\t\t\t\t\t\t\t\t\t\t\t\t\t<\/div>\n\t\t\t\t<\/div>\n\t\t\t\t<\/div>\n\t\t\t\t\t<\/div>\n\t\t\t\t<\/div>\n\t\t\t\t<\/div>\n\t\t","protected":false},"excerpt":{"rendered":"<p>El magistrado presidente del TSC, Ricardo Alfredo Montes, particip\u00f3 como invitado especial en el acto de entrega del primer lote de maquinaria a municipalidades. San Pedro Sula. El magistrado presidente del Tribunal Superior de Cuentas (TSC), Ricardo Alfredo Montes, particip\u00f3 como invitado especial del acto de lanzamiento del Programa Especial de Adquisici\u00f3n y Asignaci\u00f3n de [&hellip;]<\/p>\n","protected":false},"author":3,"featured_media":38412,"comment_status":"open","ping_status":"open","sticky":false,"template":"elementor_header_footer","format":"standard","meta":{"_uag_custom_page_level_css":"","_monsterinsights_skip_tracking":false,"_uf_show_specific_survey":0,"_uf_disable_surveys":false,"footnotes":""},"categories":[265],"tags":[],"class_list":["post-38411","post","type-post","status-publish","format-standard","has-post-thumbnail","hentry","category-noticia"],"aioseo_notices":[],"aioseo_head":"\n\t\t<!-- All in One SEO 5.0.1.1 - aioseo.com -->\n\t<meta name=\"description\" content=\"San Pedro Sula. El magistrado presidente del Tribunal Superior de Cuentas (TSC), Ricardo Alfredo Montes, particip\u00f3 como invitado especial del acto de lanzamiento del Programa Especial de Adquisici\u00f3n y Asignaci\u00f3n de Maquinaria y Equipo para las Alcald\u00edas Municipales, impulsado por el presidente de la Rep\u00fablica, Nasry Juan Asfura Zablah. El acto se celebr\u00f3 en San Pedro\" \/>\n\t<meta name=\"robots\" content=\"max-image-preview:large\" \/>\n\t<meta name=\"author\" content=\"Ever Bueso\"\/>\n\t<link rel=\"canonical\" href=\"https:\/\/www.tsc.gob.hn\/index.php\/2026\/08\/21\/magistrado-presidente-invitado-especial-en-entrega-de-primer-lote-de-maquinaria-a-municipalidades\/\" \/>\n\t<meta name=\"generator\" content=\"All in One SEO (AIOSEO) 5.0.1.1\" \/>\n\t\t<meta property=\"og:locale\" content=\"es_ES\" \/>\n\t\t<meta property=\"og:site_name\" content=\"TSC - TSC\" \/>\n\t\t<meta property=\"og:type\" content=\"article\" \/>\n\t\t<meta property=\"og:title\" content=\"Magistrado Presidente invitado especial en entrega de primer lote de maquinaria a municipalidades - TSC\" \/>\n\t\t<meta property=\"og:description\" content=\"San Pedro Sula. El magistrado presidente del Tribunal Superior de Cuentas (TSC), Ricardo Alfredo Montes, particip\u00f3 como invitado especial del acto de lanzamiento del Programa Especial de Adquisici\u00f3n y Asignaci\u00f3n de Maquinaria y Equipo para las Alcald\u00edas Municipales, impulsado por el presidente de la Rep\u00fablica, Nasry Juan Asfura Zablah. El acto se celebr\u00f3 en San Pedro\" \/>\n\t\t<meta property=\"og:url\" content=\"https:\/\/www.tsc.gob.hn\/index.php\/2026\/08\/21\/magistrado-presidente-invitado-especial-en-entrega-de-primer-lote-de-maquinaria-a-municipalidades\/\" \/>\n\t\t<meta property=\"og:image\" content=\"https:\/\/www.tsc.gob.hn\/wp-content\/uploads\/Tribunal-Superior-de-Cuentas-Logo.png\" \/>\n\t\t<meta property=\"og:image:secure_url\" content=\"https:\/\/www.tsc.gob.hn\/wp-content\/uploads\/Tribunal-Superior-de-Cuentas-Logo.png\" \/>\n\t\t<meta property=\"og:image:width\" content=\"282\" \/>\n\t\t<meta property=\"og:image:height\" content=\"250\" \/>\n\t\t<meta property=\"article:published_time\" content=\"2026-08-21T20:57:00+00:00\" \/>\n\t\t<meta property=\"article:modified_time\" content=\"2026-09-04T21:10:22+00:00\" \/>\n\t\t<meta property=\"article:publisher\" content=\"https:\/\/www.facebook.com\/tschonduras\" \/>\n\t\t<meta name=\"twitter:card\" content=\"summary_large_image\" \/>\n\t\t<meta name=\"twitter:site\" content=\"@TSCHonduras\" \/>\n\t\t<meta name=\"twitter:title\" content=\"Magistrado Presidente invitado especial en entrega de primer lote de maquinaria a municipalidades - TSC\" \/>\n\t\t<meta name=\"twitter:description\" content=\"San Pedro Sula. El magistrado presidente del Tribunal Superior de Cuentas (TSC), Ricardo Alfredo Montes, particip\u00f3 como invitado especial del acto de lanzamiento del Programa Especial de Adquisici\u00f3n y Asignaci\u00f3n de Maquinaria y Equipo para las Alcald\u00edas Municipales, impulsado por el presidente de la Rep\u00fablica, Nasry Juan Asfura Zablah. El acto se celebr\u00f3 en San Pedro\" \/>\n\t\t<meta name=\"twitter:creator\" content=\"@TSCHonduras\" \/>\n\t\t<meta name=\"twitter:image\" content=\"https:\/\/www.tsc.gob.hn\/wp-content\/uploads\/Tribunal-Superior-de-Cuentas-Logo.png\" \/>\n\t\t<script type=\"application\/ld+json\" class=\"aioseo-schema\">\n\t\t\t{\"@context\":\"https:\\\/\\\/schema.org\",\"@graph\":[{\"@type\":\"BlogPosting\",\"@id\":\"https:\\\/\\\/www.tsc.gob.hn\\\/index.php\\\/2026\\\/08\\\/21\\\/magistrado-presidente-invitado-especial-en-entrega-de-primer-lote-de-maquinaria-a-municipalidades\\\/#blogposting\",\"name\":\"Magistrado Presidente invitado especial en entrega de primer lote de maquinaria a municipalidades - TSC\",\"headline\":\"Magistrado Presidente invitado especial en entrega de primer lote de maquinaria a municipalidades\",\"author\":{\"@id\":\"https:\\\/\\\/www.tsc.gob.hn\\\/index.php\\\/author\\\/tsc_web_adm\\\/#author\"},\"publisher\":{\"@id\":\"https:\\\/\\\/www.tsc.gob.hn\\\/#organization\"},\"image\":{\"@type\":\"ImageObject\",\"url\":\"https:\\\/\\\/www.tsc.gob.hn\\\/wp-content\\\/uploads\\\/Maquinaria_Municipal-2.jpg\",\"width\":1188,\"height\":638,\"caption\":\"El magistrado presidente del TSC, Ricardo Alfredo Montes, particip\\u00f3 como invitado especial en el acto de entrega del primer lote de maquinaria\\na municipalidades.\"},\"datePublished\":\"2026-08-21T14:57:00-06:00\",\"dateModified\":\"2026-09-04T15:10:22-06:00\",\"inLanguage\":\"es-ES\",\"mainEntityOfPage\":{\"@id\":\"https:\\\/\\\/www.tsc.gob.hn\\\/index.php\\\/2026\\\/08\\\/21\\\/magistrado-presidente-invitado-especial-en-entrega-de-primer-lote-de-maquinaria-a-municipalidades\\\/#webpage\"},\"isPartOf\":{\"@id\":\"https:\\\/\\\/www.tsc.gob.hn\\\/index.php\\\/2026\\\/08\\\/21\\\/magistrado-presidente-invitado-especial-en-entrega-de-primer-lote-de-maquinaria-a-municipalidades\\\/#webpage\"},\"articleSection\":\"Noticia\"},{\"@type\":\"BreadcrumbList\",\"@id\":\"https:\\\/\\\/www.tsc.gob.hn\\\/index.php\\\/2026\\\/08\\\/21\\\/magistrado-presidente-invitado-especial-en-entrega-de-primer-lote-de-maquinaria-a-municipalidades\\\/#breadcrumblist\",\"itemListElement\":[{\"@type\":\"ListItem\",\"@id\":\"https:\\\/\\\/www.tsc.gob.hn#listItem\",\"position\":1,\"name\":\"Home\",\"item\":\"https:\\\/\\\/www.tsc.gob.hn\",\"nextItem\":{\"@type\":\"ListItem\",\"@id\":\"https:\\\/\\\/www.tsc.gob.hn\\\/index.php\\\/category\\\/noticia\\\/#listItem\",\"name\":\"Noticia\"}},{\"@type\":\"ListItem\",\"@id\":\"https:\\\/\\\/www.tsc.gob.hn\\\/index.php\\\/category\\\/noticia\\\/#listItem\",\"position\":2,\"name\":\"Noticia\",\"item\":\"https:\\\/\\\/www.tsc.gob.hn\\\/index.php\\\/category\\\/noticia\\\/\",\"nextItem\":{\"@type\":\"ListItem\",\"@id\":\"https:\\\/\\\/www.tsc.gob.hn\\\/index.php\\\/2026\\\/08\\\/21\\\/magistrado-presidente-invitado-especial-en-entrega-de-primer-lote-de-maquinaria-a-municipalidades\\\/#listItem\",\"name\":\"Magistrado Presidente invitado especial en entrega de primer lote de maquinaria a municipalidades\"},\"previousItem\":{\"@type\":\"ListItem\",\"@id\":\"https:\\\/\\\/www.tsc.gob.hn#listItem\",\"name\":\"Home\"}},{\"@type\":\"ListItem\",\"@id\":\"https:\\\/\\\/www.tsc.gob.hn\\\/index.php\\\/2026\\\/08\\\/21\\\/magistrado-presidente-invitado-especial-en-entrega-de-primer-lote-de-maquinaria-a-municipalidades\\\/#listItem\",\"position\":3,\"name\":\"Magistrado Presidente invitado especial en entrega de primer lote de maquinaria a municipalidades\",\"previousItem\":{\"@type\":\"ListItem\",\"@id\":\"https:\\\/\\\/www.tsc.gob.hn\\\/index.php\\\/category\\\/noticia\\\/#listItem\",\"name\":\"Noticia\"}}]},{\"@type\":\"Organization\",\"@id\":\"https:\\\/\\\/www.tsc.gob.hn\\\/#organization\",\"name\":\"TSC\",\"description\":\"TSC\",\"url\":\"https:\\\/\\\/www.tsc.gob.hn\\\/\",\"logo\":{\"@type\":\"ImageObject\",\"url\":\"https:\\\/\\\/www.tsc.gob.hn\\\/wp-content\\\/uploads\\\/Tribunal-Superior-de-Cuentas-Logo.png\",\"@id\":\"https:\\\/\\\/www.tsc.gob.hn\\\/index.php\\\/2026\\\/08\\\/21\\\/magistrado-presidente-invitado-especial-en-entrega-de-primer-lote-de-maquinaria-a-municipalidades\\\/#organizationLogo\",\"width\":282,\"height\":250,\"caption\":\"Logo del Tribunal Superior de Cuentas (TSC)\"},\"image\":{\"@id\":\"https:\\\/\\\/www.tsc.gob.hn\\\/index.php\\\/2026\\\/08\\\/21\\\/magistrado-presidente-invitado-especial-en-entrega-de-primer-lote-de-maquinaria-a-municipalidades\\\/#organizationLogo\"},\"sameAs\":[\"https:\\\/\\\/www.facebook.com\\\/tschonduras\",\"https:\\\/\\\/twitter.com\\\/TSCHonduras\",\"https:\\\/\\\/www.youtube.com\\\/channel\\\/UCtuC16XL4dMZ2t4LQC-c9BQ\"]},{\"@type\":\"Person\",\"@id\":\"https:\\\/\\\/www.tsc.gob.hn\\\/index.php\\\/author\\\/tsc_web_adm\\\/#author\",\"url\":\"https:\\\/\\\/www.tsc.gob.hn\\\/index.php\\\/author\\\/tsc_web_adm\\\/\",\"name\":\"Ever Bueso\",\"image\":{\"@type\":\"ImageObject\",\"@id\":\"https:\\\/\\\/www.tsc.gob.hn\\\/index.php\\\/2026\\\/08\\\/21\\\/magistrado-presidente-invitado-especial-en-entrega-de-primer-lote-de-maquinaria-a-municipalidades\\\/#authorImage\",\"url\":\"https:\\\/\\\/secure.gravatar.com\\\/avatar\\\/7e5e847e014b673d861bd4eb3a40d72ca9c90271de18ee3c099c3118fd23aa70?s=96&d=mm&r=g\",\"width\":96,\"height\":96,\"caption\":\"Ever Bueso\"}},{\"@type\":\"WebPage\",\"@id\":\"https:\\\/\\\/www.tsc.gob.hn\\\/index.php\\\/2026\\\/08\\\/21\\\/magistrado-presidente-invitado-especial-en-entrega-de-primer-lote-de-maquinaria-a-municipalidades\\\/#webpage\",\"url\":\"https:\\\/\\\/www.tsc.gob.hn\\\/index.php\\\/2026\\\/08\\\/21\\\/magistrado-presidente-invitado-especial-en-entrega-de-primer-lote-de-maquinaria-a-municipalidades\\\/\",\"name\":\"Magistrado Presidente invitado especial en entrega de primer lote de maquinaria a municipalidades - TSC\",\"description\":\"San Pedro Sula. El magistrado presidente del Tribunal Superior de Cuentas (TSC), Ricardo Alfredo Montes, particip\\u00f3 como invitado especial del acto de lanzamiento del Programa Especial de Adquisici\\u00f3n y Asignaci\\u00f3n de Maquinaria y Equipo para las Alcald\\u00edas Municipales, impulsado por el presidente de la Rep\\u00fablica, Nasry Juan Asfura Zablah. El acto se celebr\\u00f3 en San Pedro\",\"inLanguage\":\"es-ES\",\"isPartOf\":{\"@id\":\"https:\\\/\\\/www.tsc.gob.hn\\\/#website\"},\"breadcrumb\":{\"@id\":\"https:\\\/\\\/www.tsc.gob.hn\\\/index.php\\\/2026\\\/08\\\/21\\\/magistrado-presidente-invitado-especial-en-entrega-de-primer-lote-de-maquinaria-a-municipalidades\\\/#breadcrumblist\"},\"author\":{\"@id\":\"https:\\\/\\\/www.tsc.gob.hn\\\/index.php\\\/author\\\/tsc_web_adm\\\/#author\"},\"creator\":{\"@id\":\"https:\\\/\\\/www.tsc.gob.hn\\\/index.php\\\/author\\\/tsc_web_adm\\\/#author\"},\"image\":{\"@type\":\"ImageObject\",\"url\":\"https:\\\/\\\/www.tsc.gob.hn\\\/wp-content\\\/uploads\\\/Maquinaria_Municipal-2.jpg\",\"@id\":\"https:\\\/\\\/www.tsc.gob.hn\\\/index.php\\\/2026\\\/08\\\/21\\\/magistrado-presidente-invitado-especial-en-entrega-de-primer-lote-de-maquinaria-a-municipalidades\\\/#mainImage\",\"width\":1188,\"height\":638,\"caption\":\"El magistrado presidente del TSC, Ricardo Alfredo Montes, particip\\u00f3 como invitado especial en el acto de entrega del primer lote de maquinaria\\na municipalidades.\"},\"primaryImageOfPage\":{\"@id\":\"https:\\\/\\\/www.tsc.gob.hn\\\/index.php\\\/2026\\\/08\\\/21\\\/magistrado-presidente-invitado-especial-en-entrega-de-primer-lote-de-maquinaria-a-municipalidades\\\/#mainImage\"},\"datePublished\":\"2026-08-21T14:57:00-06:00\",\"dateModified\":\"2026-09-04T15:10:22-06:00\"},{\"@type\":\"WebSite\",\"@id\":\"https:\\\/\\\/www.tsc.gob.hn\\\/#website\",\"url\":\"https:\\\/\\\/www.tsc.gob.hn\\\/\",\"name\":\"TSC\",\"description\":\"TSC\",\"inLanguage\":\"es-ES\",\"publisher\":{\"@id\":\"https:\\\/\\\/www.tsc.gob.hn\\\/#organization\"}}]}\n\t\t<\/script>\n\t\t<!-- All in One SEO -->\n\n","aioseo_head_json":{"title":"Magistrado Presidente invitado especial en entrega de primer lote de maquinaria a municipalidades - TSC","description":"San Pedro Sula. El magistrado presidente del Tribunal Superior de Cuentas (TSC), Ricardo Alfredo Montes, particip\u00f3 como invitado especial del acto de lanzamiento del Programa Especial de Adquisici\u00f3n y Asignaci\u00f3n de Maquinaria y Equipo para las Alcald\u00edas Municipales, impulsado por el presidente de la Rep\u00fablica, Nasry Juan Asfura Zablah. El acto se celebr\u00f3 en San Pedro","canonical_url":"https:\/\/www.tsc.gob.hn\/index.php\/2026\/08\/21\/magistrado-presidente-invitado-especial-en-entrega-de-primer-lote-de-maquinaria-a-municipalidades\/","robots":"max-image-preview:large","keywords":"","webmasterTools":{"miscellaneous":""},"schema":{"@context":"https:\/\/schema.org","@graph":[{"@type":"BlogPosting","@id":"https:\/\/www.tsc.gob.hn\/index.php\/2026\/08\/21\/magistrado-presidente-invitado-especial-en-entrega-de-primer-lote-de-maquinaria-a-municipalidades\/#blogposting","name":"Magistrado Presidente invitado especial en entrega de primer lote de maquinaria a municipalidades - TSC","headline":"Magistrado Presidente invitado especial en entrega de primer lote de maquinaria a municipalidades","author":{"@id":"https:\/\/www.tsc.gob.hn\/index.php\/author\/tsc_web_adm\/#author"},"publisher":{"@id":"https:\/\/www.tsc.gob.hn\/#organization"},"image":{"@type":"ImageObject","url":"https:\/\/www.tsc.gob.hn\/wp-content\/uploads\/Maquinaria_Municipal-2.jpg","width":1188,"height":638,"caption":"El magistrado presidente del TSC, Ricardo Alfredo Montes, particip\u00f3 como invitado especial en el acto de entrega del primer lote de maquinaria\na municipalidades."},"datePublished":"2026-08-21T14:57:00-06:00","dateModified":"2026-09-04T15:10:22-06:00","inLanguage":"es-ES","mainEntityOfPage":{"@id":"https:\/\/www.tsc.gob.hn\/index.php\/2026\/08\/21\/magistrado-presidente-invitado-especial-en-entrega-de-primer-lote-de-maquinaria-a-municipalidades\/#webpage"},"isPartOf":{"@id":"https:\/\/www.tsc.gob.hn\/index.php\/2026\/08\/21\/magistrado-presidente-invitado-especial-en-entrega-de-primer-lote-de-maquinaria-a-municipalidades\/#webpage"},"articleSection":"Noticia"},{"@type":"BreadcrumbList","@id":"https:\/\/www.tsc.gob.hn\/index.php\/2026\/08\/21\/magistrado-presidente-invitado-especial-en-entrega-de-primer-lote-de-maquinaria-a-municipalidades\/#breadcrumblist","itemListElement":[{"@type":"ListItem","@id":"https:\/\/www.tsc.gob.hn#listItem","position":1,"name":"Home","item":"https:\/\/www.tsc.gob.hn","nextItem":{"@type":"ListItem","@id":"https:\/\/www.tsc.gob.hn\/index.php\/category\/noticia\/#listItem","name":"Noticia"}},{"@type":"ListItem","@id":"https:\/\/www.tsc.gob.hn\/index.php\/category\/noticia\/#listItem","position":2,"name":"Noticia","item":"https:\/\/www.tsc.gob.hn\/index.php\/category\/noticia\/","nextItem":{"@type":"ListItem","@id":"https:\/\/www.tsc.gob.hn\/index.php\/2026\/08\/21\/magistrado-presidente-invitado-especial-en-entrega-de-primer-lote-de-maquinaria-a-municipalidades\/#listItem","name":"Magistrado Presidente invitado especial en entrega de primer lote de maquinaria a municipalidades"},"previousItem":{"@type":"ListItem","@id":"https:\/\/www.tsc.gob.hn#listItem","name":"Home"}},{"@type":"ListItem","@id":"https:\/\/www.tsc.gob.hn\/index.php\/2026\/08\/21\/magistrado-presidente-invitado-especial-en-entrega-de-primer-lote-de-maquinaria-a-municipalidades\/#listItem","position":3,"name":"Magistrado Presidente invitado especial en entrega de primer lote de maquinaria a municipalidades","previousItem":{"@type":"ListItem","@id":"https:\/\/www.tsc.gob.hn\/index.php\/category\/noticia\/#listItem","name":"Noticia"}}]},{"@type":"Organization","@id":"https:\/\/www.tsc.gob.hn\/#organization","name":"TSC","description":"TSC","url":"https:\/\/www.tsc.gob.hn\/","logo":{"@type":"ImageObject","url":"https:\/\/www.tsc.gob.hn\/wp-content\/uploads\/Tribunal-Superior-de-Cuentas-Logo.png","@id":"https:\/\/www.tsc.gob.hn\/index.php\/2026\/08\/21\/magistrado-presidente-invitado-especial-en-entrega-de-primer-lote-de-maquinaria-a-municipalidades\/#organizationLogo","width":282,"height":250,"caption":"Logo del Tribunal Superior de Cuentas (TSC)"},"image":{"@id":"https:\/\/www.tsc.gob.hn\/index.php\/2026\/08\/21\/magistrado-presidente-invitado-especial-en-entrega-de-primer-lote-de-maquinaria-a-municipalidades\/#organizationLogo"},"sameAs":["https:\/\/www.facebook.com\/tschonduras","https:\/\/twitter.com\/TSCHonduras","https:\/\/www.youtube.com\/channel\/UCtuC16XL4dMZ2t4LQC-c9BQ"]},{"@type":"Person","@id":"https:\/\/www.tsc.gob.hn\/index.php\/author\/tsc_web_adm\/#author","url":"https:\/\/www.tsc.gob.hn\/index.php\/author\/tsc_web_adm\/","name":"Ever Bueso","image":{"@type":"ImageObject","@id":"https:\/\/www.tsc.gob.hn\/index.php\/2026\/08\/21\/magistrado-presidente-invitado-especial-en-entrega-de-primer-lote-de-maquinaria-a-municipalidades\/#authorImage","url":"https:\/\/secure.gravatar.com\/avatar\/7e5e847e014b673d861bd4eb3a40d72ca9c90271de18ee3c099c3118fd23aa70?s=96&d=mm&r=g","width":96,"height":96,"caption":"Ever Bueso"}},{"@type":"WebPage","@id":"https:\/\/www.tsc.gob.hn\/index.php\/2026\/08\/21\/magistrado-presidente-invitado-especial-en-entrega-de-primer-lote-de-maquinaria-a-municipalidades\/#webpage","url":"https:\/\/www.tsc.gob.hn\/index.php\/2026\/08\/21\/magistrado-presidente-invitado-especial-en-entrega-de-primer-lote-de-maquinaria-a-municipalidades\/","name":"Magistrado Presidente invitado especial en entrega de primer lote de maquinaria a municipalidades - TSC","description":"San Pedro Sula. El magistrado presidente del Tribunal Superior de Cuentas (TSC), Ricardo Alfredo Montes, particip\u00f3 como invitado especial del acto de lanzamiento del Programa Especial de Adquisici\u00f3n y Asignaci\u00f3n de Maquinaria y Equipo para las Alcald\u00edas Municipales, impulsado por el presidente de la Rep\u00fablica, Nasry Juan Asfura Zablah. El acto se celebr\u00f3 en San Pedro","inLanguage":"es-ES","isPartOf":{"@id":"https:\/\/www.tsc.gob.hn\/#website"},"breadcrumb":{"@id":"https:\/\/www.tsc.gob.hn\/index.php\/2026\/08\/21\/magistrado-presidente-invitado-especial-en-entrega-de-primer-lote-de-maquinaria-a-municipalidades\/#breadcrumblist"},"author":{"@id":"https:\/\/www.tsc.gob.hn\/index.php\/author\/tsc_web_adm\/#author"},"creator":{"@id":"https:\/\/www.tsc.gob.hn\/index.php\/author\/tsc_web_adm\/#author"},"image":{"@type":"ImageObject","url":"https:\/\/www.tsc.gob.hn\/wp-content\/uploads\/Maquinaria_Municipal-2.jpg","@id":"https:\/\/www.tsc.gob.hn\/index.php\/2026\/08\/21\/magistrado-presidente-invitado-especial-en-entrega-de-primer-lote-de-maquinaria-a-municipalidades\/#mainImage","width":1188,"height":638,"caption":"El magistrado presidente del TSC, Ricardo Alfredo Montes, particip\u00f3 como invitado especial en el acto de entrega del primer lote de maquinaria\na municipalidades."},"primaryImageOfPage":{"@id":"https:\/\/www.tsc.gob.hn\/index.php\/2026\/08\/21\/magistrado-presidente-invitado-especial-en-entrega-de-primer-lote-de-maquinaria-a-municipalidades\/#mainImage"},"datePublished":"2026-08-21T14:57:00-06:00","dateModified":"2026-09-04T15:10:22-06:00"},{"@type":"WebSite","@id":"https:\/\/www.tsc.gob.hn\/#website","url":"https:\/\/www.tsc.gob.hn\/","name":"TSC","description":"TSC","inLanguage":"es-ES","publisher":{"@id":"https:\/\/www.tsc.gob.hn\/#organization"}}]},"og:locale":"es_ES","og:site_name":"TSC - TSC","og:type":"article","og:title":"Magistrado Presidente invitado especial en entrega de primer lote de maquinaria a municipalidades - TSC","og:description":"San Pedro Sula. El magistrado presidente del Tribunal Superior de Cuentas (TSC), Ricardo Alfredo Montes, particip\u00f3 como invitado especial del acto de lanzamiento del Programa Especial de Adquisici\u00f3n y Asignaci\u00f3n de Maquinaria y Equipo para las Alcald\u00edas Municipales, impulsado por el presidente de la Rep\u00fablica, Nasry Juan Asfura Zablah. El acto se celebr\u00f3 en San Pedro","og:url":"https:\/\/www.tsc.gob.hn\/index.php\/2026\/08\/21\/magistrado-presidente-invitado-especial-en-entrega-de-primer-lote-de-maquinaria-a-municipalidades\/","og:image":"https:\/\/www.tsc.gob.hn\/wp-content\/uploads\/Tribunal-Superior-de-Cuentas-Logo.png","og:image:secure_url":"https:\/\/www.tsc.gob.hn\/wp-content\/uploads\/Tribunal-Superior-de-Cuentas-Logo.png","og:image:width":282,"og:image:height":250,"article:published_time":"2026-08-21T20:57:00+00:00","article:modified_time":"2026-09-04T21:10:22+00:00","article:publisher":"https:\/\/www.facebook.com\/tschonduras","twitter:card":"summary_large_image","twitter:site":"@TSCHonduras","twitter:title":"Magistrado Presidente invitado especial en entrega de primer lote de maquinaria a municipalidades - TSC","twitter:description":"San Pedro Sula. El magistrado presidente del Tribunal Superior de Cuentas (TSC), Ricardo Alfredo Montes, particip\u00f3 como invitado especial del acto de lanzamiento del Programa Especial de Adquisici\u00f3n y Asignaci\u00f3n de Maquinaria y Equipo para las Alcald\u00edas Municipales, impulsado por el presidente de la Rep\u00fablica, Nasry Juan Asfura Zablah. El acto se celebr\u00f3 en San Pedro","twitter:creator":"@TSCHonduras","twitter:image":"https:\/\/www.tsc.gob.hn\/wp-content\/uploads\/Tribunal-Superior-de-Cuentas-Logo.png"},"aioseo_meta_data":{"post_id":"38411","title":null,"description":null,"keywords":null,"keyphrases":{"focus":[],"additional":[]},"primary_term":null,"canonical_url":null,"og_title":null,"og_description":null,"og_object_type":"default","og_image_type":"default","og_image_url":null,"og_image_width":null,"og_image_height":null,"og_image_custom_url":null,"og_image_custom_fields":null,"og_video":"","og_custom_url":null,"og_article_section":null,"og_article_tags":null,"twitter_use_og":false,"twitter_card":"default","twitter_image_type":"default","twitter_image_url":null,"twitter_image_custom_url":null,"twitter_image_custom_fields":null,"twitter_title":null,"twitter_description":null,"schema":{"blockGraphs":[],"customGraphs":[],"default":{"data":{"Article":[],"Course":[],"Dataset":[],"FAQPage":[],"Movie":[],"Person":[],"Product":[],"ProductReview":[],"Car":[],"Recipe":[],"Service":[],"SoftwareApplication":[],"WebPage":[]},"graphName":"BlogPosting","isEnabled":true},"graphs":[]},"schema_type":"default","schema_type_options":null,"pillar_content":false,"robots_default":true,"robots_noindex":false,"robots_noarchive":false,"robots_nosnippet":false,"robots_nofollow":false,"robots_noimageindex":false,"robots_noodp":false,"robots_notranslate":false,"robots_max_snippet":"-1","robots_max_videopreview":"-1","robots_max_imagepreview":"large","priority":null,"frequency":"default","local_seo":null,"breadcrumb_settings":null,"limit_modified_date":false,"ai":{"faqs":[],"keyPoints":[],"schemas":[],"titles":[],"descriptions":[],"socialPosts":{"email":{"subject":"","preview":"","content":""},"linkedin":[],"twitter":[],"facebook":[],"instagram":[]}},"created":"2026-09-04 21:04:38","updated":"2026-09-04 22:02:17","seo_analyzer_scan_date":null,"focus_keyword":null,"additional_keywords":null,"truseo_locale":null},"aioseo_breadcrumb":"<div class=\"aioseo-breadcrumbs\"><span class=\"aioseo-breadcrumb\">\n\t\t\t<a href=\"https:\/\/www.tsc.gob.hn\" title=\"Home\">Home<\/a>\n\t\t<\/span><span class=\"aioseo-breadcrumb-separator\">&raquo;<\/span><span class=\"aioseo-breadcrumb\">\n\t\t\t<a href=\"https:\/\/www.tsc.gob.hn\/index.php\/category\/noticia\/\" title=\"Noticia\">Noticia<\/a>\n\t\t<\/span><span class=\"aioseo-breadcrumb-separator\">&raquo;<\/span><span class=\"aioseo-breadcrumb\">\n\t\t\tMagistrado Presidente invitado especial en entrega de primer lote de maquinaria a municipalidades\n\t\t<\/span><\/div>","aioseo_breadcrumb_json":[{"label":"Home","link":"https:\/\/www.tsc.gob.hn"},{"label":"Noticia","link":"https:\/\/www.tsc.gob.hn\/index.php\/category\/noticia\/"},{"label":"Magistrado Presidente invitado especial en entrega de primer lote de maquinaria a municipalidades","link":"https:\/\/www.tsc.gob.hn\/index.php\/2026\/08\/21\/magistrado-presidente-invitado-especial-en-entrega-de-primer-lote-de-maquinaria-a-municipalidades\/"}],"uagb_featured_image_src":{"full":["https:\/\/www.tsc.gob.hn\/wp-content\/uploads\/Maquinaria_Municipal-2.jpg",1188,638,false],"thumbnail":["https:\/\/www.tsc.gob.hn\/wp-content\/uploads\/Maquinaria_Municipal-2-150x150.jpg",150,150,true],"medium":["https:\/\/www.tsc.gob.hn\/wp-content\/uploads\/Maquinaria_Municipal-2-300x161.jpg",300,161,true],"medium_large":["https:\/\/www.tsc.gob.hn\/wp-content\/uploads\/Maquinaria_Municipal-2-768x412.jpg",640,343,true],"large":["https:\/\/www.tsc.gob.hn\/wp-content\/uploads\/Maquinaria_Municipal-2.jpg",640,344,false],"1536x1536":["https:\/\/www.tsc.gob.hn\/wp-content\/uploads\/Maquinaria_Municipal-2.jpg",1188,638,false],"2048x2048":["https:\/\/www.tsc.gob.hn\/wp-content\/uploads\/Maquinaria_Municipal-2.jpg",1188,638,false],"govity_blog_370X304":["https:\/\/www.tsc.gob.hn\/wp-content\/uploads\/Maquinaria_Municipal-2-370x304.jpg",370,304,true],"govity_blog_200X283":["https:\/\/www.tsc.gob.hn\/wp-content\/uploads\/Maquinaria_Municipal-2-200x283.jpg",200,283,true],"govity_blog_770X428":["https:\/\/www.tsc.gob.hn\/wp-content\/uploads\/Maquinaria_Municipal-2-770x428.jpg",770,428,true],"govity_brand_logo_202X102":["https:\/\/www.tsc.gob.hn\/wp-content\/uploads\/Maquinaria_Municipal-2-202x102.jpg",202,102,true],"govity_brand_woo_270X308":["https:\/\/www.tsc.gob.hn\/wp-content\/uploads\/Maquinaria_Municipal-2-270x308.jpg",270,308,true],"govity_brand_70X70":["https:\/\/www.tsc.gob.hn\/wp-content\/uploads\/Maquinaria_Municipal-2-70x70.jpg",70,70,true],"psacp-medium":["https:\/\/www.tsc.gob.hn\/wp-content\/uploads\/Maquinaria_Municipal-2-500x500.jpg",500,500,true]},"uagb_author_info":{"display_name":"Ever Bueso","author_link":"https:\/\/www.tsc.gob.hn\/index.php\/author\/tsc_web_adm\/"},"uagb_comment_info":0,"uagb_excerpt":"El magistrado presidente del TSC, Ricardo Alfredo Montes, particip\u00f3 como invitado especial en el acto de entrega del primer lote de maquinaria a municipalidades. San Pedro Sula. El magistrado presidente del Tribunal Superior de Cuentas (TSC), Ricardo Alfredo Montes, particip\u00f3 como invitado especial del acto de lanzamiento del Programa Especial de Adquisici\u00f3n y Asignaci\u00f3n de&hellip;","_links":{"self":[{"href":"https:\/\/www.tsc.gob.hn\/index.php\/wp-json\/wp\/v2\/posts\/38411","targetHints":{"allow":["GET"]}}],"collection":[{"href":"https:\/\/www.tsc.gob.hn\/index.php\/wp-json\/wp\/v2\/posts"}],"about":[{"href":"https:\/\/www.tsc.gob.hn\/index.php\/wp-json\/wp\/v2\/types\/post"}],"author":[{"embeddable":true,"href":"https:\/\/www.tsc.gob.hn\/index.php\/wp-json\/wp\/v2\/users\/3"}],"replies":[{"embeddable":true,"href":"https:\/\/www.tsc.gob.hn\/index.php\/wp-json\/wp\/v2\/comments?post=38411"}],"version-history":[{"count":4,"href":"https:\/\/www.tsc.gob.hn\/index.php\/wp-json\/wp\/v2\/posts\/38411\/revisions"}],"predecessor-version":[{"id":38418,"href":"https:\/\/www.tsc.gob.hn\/index.php\/wp-json\/wp\/v2\/posts\/38411\/revisions\/38418"}],"wp:featuredmedia":[{"embeddable":true,"href":"https:\/\/www.tsc.gob.hn\/index.php\/wp-json\/wp\/v2\/media\/38412"}],"wp:attachment":[{"href":"https:\/\/www.tsc.gob.hn\/index.php\/wp-json\/wp\/v2\/media?parent=38411"}],"wp:term":[{"taxonomy":"category","embeddable":true,"href":"https:\/\/www.tsc.gob.hn\/index.php\/wp-json\/wp\/v2\/categories?post=38411"},{"taxonomy":"post_tag","embeddable":true,"href":"https:\/\/www.tsc.gob.hn\/index.php\/wp-json\/wp\/v2\/tags?post=38411"}],"curies":[{"name":"wp","href":"https:\/\/api.w.org\/{rel}","templated":true}]}}