{"id":38403,"date":"2026-08-24T14:42:00","date_gmt":"2026-08-24T20:42:00","guid":{"rendered":"https:\/\/www.tsc.gob.hn\/?p=38403"},"modified":"2026-09-04T15:14:59","modified_gmt":"2026-09-04T21:14:59","slug":"tsc-fortalecio-capacidades-de-auditores-en-materia-de-deuda-publica","status":"publish","type":"post","link":"https:\/\/www.tsc.gob.hn\/index.php\/2026\/08\/24\/tsc-fortalecio-capacidades-de-auditores-en-materia-de-deuda-publica\/","title":{"rendered":"TSC fortaleci\u00f3 capacidades de Auditores en materia de Deuda P\u00fablica"},"content":{"rendered":"\t\t<div data-elementor-type=\"wp-post\" data-elementor-id=\"38403\" class=\"elementor elementor-38403\">\n\t\t\t\t<div class=\"elementor-element elementor-element-d5fb6eb e-grid e-con-boxed e-con e-parent\" data-id=\"d5fb6eb\" data-element_type=\"container\" data-e-type=\"container\">\n\t\t\t\t\t<div class=\"e-con-inner\">\n\t\t\t\t<div class=\"elementor-element elementor-element-31334fe elementor-widget elementor-widget-image\" data-id=\"31334fe\" data-element_type=\"widget\" data-e-type=\"widget\" data-widget_type=\"image.default\">\n\t\t\t\t<div class=\"elementor-widget-container\">\n\t\t\t\t\t\t\t\t\t\t\t\t<figure class=\"wp-caption\">\n\t\t\t\t\t\t\t\t\t\t<img fetchpriority=\"high\" decoding=\"async\" width=\"640\" height=\"547\" src=\"https:\/\/www.tsc.gob.hn\/wp-content\/uploads\/Auditores-Deuda-publica3.jpg\" class=\"attachment-large size-large wp-image-38404\" alt=\"Capacitaci\u00f3n sobre Deuda P\u00fablica\" srcset=\"https:\/\/www.tsc.gob.hn\/wp-content\/uploads\/Auditores-Deuda-publica3.jpg 1500w, https:\/\/www.tsc.gob.hn\/wp-content\/uploads\/Auditores-Deuda-publica3-300x256.jpg 300w, https:\/\/www.tsc.gob.hn\/wp-content\/uploads\/Auditores-Deuda-publica3-768x656.jpg 768w\" sizes=\"(max-width: 640px) 100vw, 640px\" \/>\t\t\t\t\t\t\t\t\t\t\t<figcaption class=\"widget-image-caption wp-caption-text\">El TSC desarroll\u00f3 el taller de formaci\u00f3n sobre Auditor\u00eda de la Deuda\nP\u00fablica con la participaci\u00f3n del TCU de Brasil y la IDI.<\/figcaption>\n\t\t\t\t\t\t\t\t\t\t<\/figure>\n\t\t\t\t\t\t\t\t\t<\/div>\n\t\t\t\t<\/div>\n\t\t\t\t<div class=\"elementor-element elementor-element-410e193 elementor-widget elementor-widget-text-editor\" data-id=\"410e193\" data-element_type=\"widget\" data-e-type=\"widget\" data-widget_type=\"text-editor.default\">\n\t\t\t\t<div class=\"elementor-widget-container\">\n\t\t\t\t\t\t\t\t\t<p><strong>Tegucigalpa.<\/strong> El Tribunal Superior de Cuentas de Honduras (TSC) desarroll\u00f3 el taller de formaci\u00f3n sobre Auditor\u00eda de la Deuda P\u00fablica, en el marco de la prolongaci\u00f3n de la Iniciativa Global para la Rendici\u00f3n de Cuentas de las Entidades Fiscalizadoras Superiores (GSAI) de apoyo entre hom\u00f3logos, con la participaci\u00f3n del Tribunal de Cuentas de la Uni\u00f3n de Brasil (TCU) y la Iniciativa de Desarrollo de INTOSAI (IDI).<\/p><p>\u00a0<\/p><p>La inauguraci\u00f3n del taller fue presidida por el magistrado presidente del TSC, Ricardo Alfredo Montes N\u00e1jera, quien destac\u00f3 la importancia de continuar fortaleciendo las capacidades t\u00e9cnicas y profesionales del personal del Ente Fiscalizador Superior.<\/p><p>\u00a0<\/p><p>Durante la jornada de formaci\u00f3n, desarrollada del 24 al 28 de agosto de 2026, participaron 30 auditores de varias \u00e1reas operativas del TSC, quienes fortalecieron sus conocimientos en materia de Auditor\u00eda de la Deuda P\u00fablica.<\/p>\t\t\t\t\t\t\t\t<\/div>\n\t\t\t\t<\/div>\n\t\t\t\t\t<\/div>\n\t\t\t\t<\/div>\n\t\t<div class=\"elementor-element elementor-element-969edbb e-flex e-con-boxed e-con e-parent\" data-id=\"969edbb\" data-element_type=\"container\" data-e-type=\"container\">\n\t\t\t\t\t<div class=\"e-con-inner\">\n\t\t\t\t<div class=\"elementor-element elementor-element-40a9f32 elementor-widget elementor-widget-text-editor\" data-id=\"40a9f32\" data-element_type=\"widget\" data-e-type=\"widget\" data-widget_type=\"text-editor.default\">\n\t\t\t\t<div class=\"elementor-widget-container\">\n\t\t\t\t\t\t\t\t\t<p>La capacitaci\u00f3n estuvo a cargo del se\u00f1or Laercio Mendes Vieira, Auditor Federal de Control Externo del Tribunal de Cuentas de la Uni\u00f3n de Brasil.<\/p><p>\u00a0<\/p><p>De acuerdo con el proyecto de cooperaci\u00f3n, esta primera jornada de capacitaci\u00f3n contempl\u00f3 el conocimiento del tema de auditor\u00eda de deuda p\u00fablica, el desarrollo de un estudio preliminar y la elaboraci\u00f3n de un plan de auditor\u00eda.<\/p><p>\u00a0<\/p><p>Esta actividad form\u00f3 parte de la nueva etapa del proyecto GSAI, cuyo objetivo para 2026 fue desarrollar las capacidades del TSC para auditar la conformidad y sostenibilidad de la deuda p\u00fablica, promoviendo el intercambio de conocimientos y experiencias entre las instituciones participantes.<\/p>\t\t\t\t\t\t\t\t<\/div>\n\t\t\t\t<\/div>\n\t\t\t\t\t<\/div>\n\t\t\t\t<\/div>\n\t\t<div class=\"elementor-element elementor-element-7a6321c e-grid e-con-boxed e-con e-parent\" data-id=\"7a6321c\" data-element_type=\"container\" data-e-type=\"container\">\n\t\t\t\t\t<div class=\"e-con-inner\">\n\t\t\t\t<div class=\"elementor-element elementor-element-500e1f9 elementor-widget elementor-widget-image\" data-id=\"500e1f9\" data-element_type=\"widget\" data-e-type=\"widget\" data-widget_type=\"image.default\">\n\t\t\t\t<div class=\"elementor-widget-container\">\n\t\t\t\t\t\t\t\t\t\t\t\t<figure class=\"wp-caption\">\n\t\t\t\t\t\t\t\t\t\t<img decoding=\"async\" width=\"640\" height=\"427\" src=\"https:\/\/www.tsc.gob.hn\/wp-content\/uploads\/Auditores-Deuda-publica6.jpg\" class=\"attachment-large size-large wp-image-38406\" alt=\"Capacitaci\u00f3n Deuda P\u00fablica\" srcset=\"https:\/\/www.tsc.gob.hn\/wp-content\/uploads\/Auditores-Deuda-publica6.jpg 2000w, https:\/\/www.tsc.gob.hn\/wp-content\/uploads\/Auditores-Deuda-publica6-300x200.jpg 300w, https:\/\/www.tsc.gob.hn\/wp-content\/uploads\/Auditores-Deuda-publica6-768x512.jpg 768w, https:\/\/www.tsc.gob.hn\/wp-content\/uploads\/Auditores-Deuda-publica6-1536x1024.jpg 1536w\" sizes=\"(max-width: 640px) 100vw, 640px\" \/>\t\t\t\t\t\t\t\t\t\t\t<figcaption class=\"widget-image-caption wp-caption-text\">La capacitaci\u00f3n estuvo a cargo del se\u00f1or Laercio Mendes Vieira,\nAuditor Federal de Control Externo del Tribunal de Cuentas de la\nUni\u00f3n de Brasil.<\/figcaption>\n\t\t\t\t\t\t\t\t\t\t<\/figure>\n\t\t\t\t\t\t\t\t\t<\/div>\n\t\t\t\t<\/div>\n\t\t\t\t<div class=\"elementor-element elementor-element-e686355 elementor-widget elementor-widget-text-editor\" data-id=\"e686355\" data-element_type=\"widget\" data-e-type=\"widget\" data-widget_type=\"text-editor.default\">\n\t\t\t\t<div class=\"elementor-widget-container\">\n\t\t\t\t\t\t\t\t\t<p>La prolongaci\u00f3n del proyecto contempl\u00f3 adem\u00e1s una segunda jornada de formaci\u00f3n, programada del 19 al 22 de octubre de 2026, orientada a la ejecuci\u00f3n de auditor\u00edas de deuda p\u00fablica, metodolog\u00edas y t\u00e9cnicas, as\u00ed como a la elaboraci\u00f3n del informe y el plan de comunicaci\u00f3n.<\/p><p>La capacitaci\u00f3n permiti\u00f3 a los auditores del TSC fortalecer sus conocimientos y herramientas para el desarrollo de futuras auditor\u00edas de deuda p\u00fablica.<\/p><p>\u00a0<\/p><p>Cabe recordar que el TSC y el Tribunal de Cuentas de la Uni\u00f3n de Brasil (TCU) firmaron en junio del a\u00f1o anterior un Memorando de Entendimiento (MoU) con el objetivo de acordar una alianza estrat\u00e9gica de cooperaci\u00f3n en el \u00e1rea de control externo, Tecnolog\u00eda de la Informaci\u00f3n, incluyendo el tema de Inteligencia Artificial (IA).<\/p>\t\t\t\t\t\t\t\t<\/div>\n\t\t\t\t<\/div>\n\t\t\t\t\t<\/div>\n\t\t\t\t<\/div>\n\t\t<div class=\"elementor-element elementor-element-f66133e e-flex e-con-boxed e-con e-parent\" data-id=\"f66133e\" data-element_type=\"container\" data-e-type=\"container\">\n\t\t\t\t\t<div class=\"e-con-inner\">\n\t\t\t\t<div class=\"elementor-element elementor-element-a308300 elementor-widget elementor-widget-image\" data-id=\"a308300\" data-element_type=\"widget\" data-e-type=\"widget\" data-widget_type=\"image.default\">\n\t\t\t\t<div class=\"elementor-widget-container\">\n\t\t\t\t\t\t\t\t\t\t\t\t<figure class=\"wp-caption\">\n\t\t\t\t\t\t\t\t\t\t<img decoding=\"async\" width=\"1239\" height=\"400\" src=\"https:\/\/www.tsc.gob.hn\/wp-content\/uploads\/Banner-Deuda-Publica.png\" class=\"attachment-full size-full wp-image-38407\" alt=\"Banner Deuda P\u00fablica\" srcset=\"https:\/\/www.tsc.gob.hn\/wp-content\/uploads\/Banner-Deuda-Publica.png 1239w, https:\/\/www.tsc.gob.hn\/wp-content\/uploads\/Banner-Deuda-Publica-300x97.png 300w, https:\/\/www.tsc.gob.hn\/wp-content\/uploads\/Banner-Deuda-Publica-768x248.png 768w\" sizes=\"(max-width: 1239px) 100vw, 1239px\" \/>\t\t\t\t\t\t\t\t\t\t\t<figcaption class=\"widget-image-caption wp-caption-text\">Auditores del TSC participaron en las sesiones de formaci\u00f3n para fortalecer sus capacidades en materia de deuda p\u00fablica.<\/figcaption>\n\t\t\t\t\t\t\t\t\t\t<\/figure>\n\t\t\t\t\t\t\t\t\t<\/div>\n\t\t\t\t<\/div>\n\t\t\t\t\t<\/div>\n\t\t\t\t<\/div>\n\t\t<div class=\"elementor-element elementor-element-91ffe13 e-flex e-con-boxed e-con e-parent\" data-id=\"91ffe13\" data-element_type=\"container\" data-e-type=\"container\">\n\t\t\t\t\t<div class=\"e-con-inner\">\n\t\t\t\t<div class=\"elementor-element elementor-element-a610f8b elementor-widget elementor-widget-text-editor\" data-id=\"a610f8b\" data-element_type=\"widget\" data-e-type=\"widget\" data-widget_type=\"text-editor.default\">\n\t\t\t\t<div class=\"elementor-widget-container\">\n\t\t\t\t\t\t\t\t\t<p>Las m\u00e1ximas autoridades del TSC y del TCU consideraron que el intercambio de conocimientos t\u00e9cnicos y experiencias entre ambas entidades busca el desarrollo y, consecuentemente, el perfeccionamiento de las funciones de fiscalizaci\u00f3n de la Administraci\u00f3n P\u00fablica.<\/p><p>\u00a0<\/p><p>Por consiguiente, el TSC y el TCU promueven la cooperaci\u00f3n t\u00e9cnica en la esfera del control externo de la aplicaci\u00f3n de los recursos p\u00fablicos.<\/p><p>\u00a0<\/p><p>El Acuerdo de Cooperaci\u00f3n de la GSAI, como el Memorando de Entendimiento suscrito entre el TSC y el Tribunal de Cuentas de la Uni\u00f3n de Brasil representan un valioso apoyo al ente contralor para fortalecer los procesos de profesionalizaci\u00f3n y mejorar la fiscalizaci\u00f3n de los recursos p\u00fablicos.<\/p><p>\u00a0<\/p><p>Durante el acto de clausura, la magistrada Itzel Ana\u00ed Palacios resalt\u00f3 la importancia de esta jornada de formaci\u00f3n como parte del compromiso institucional de continuar fortaleciendo las capacidades t\u00e9cnicas del personal del TSC, destacando el valor de la cooperaci\u00f3n y el intercambio de experiencias entre las entidades fiscalizadoras.<\/p><p>\u00a0<\/p><p>Con esta actividad, el TSC concluy\u00f3 la primera jornada de formaci\u00f3n contemplada en la nueva etapa del proyecto GSAI, dando paso a la segunda jornada programada para octubre 2026.<\/p>\t\t\t\t\t\t\t\t<\/div>\n\t\t\t\t<\/div>\n\t\t\t\t\t<\/div>\n\t\t\t\t<\/div>\n\t\t\t\t<\/div>\n\t\t","protected":false},"excerpt":{"rendered":"<p>El TSC desarroll\u00f3 el taller de formaci\u00f3n sobre Auditor\u00eda de la Deuda P\u00fablica con la participaci\u00f3n del TCU de Brasil y la IDI. Tegucigalpa. El Tribunal Superior de Cuentas de Honduras (TSC) desarroll\u00f3 el taller de formaci\u00f3n sobre Auditor\u00eda de la Deuda P\u00fablica, en el marco de la prolongaci\u00f3n de la Iniciativa Global para la [&hellip;]<\/p>\n","protected":false},"author":3,"featured_media":38404,"comment_status":"open","ping_status":"open","sticky":false,"template":"elementor_header_footer","format":"standard","meta":{"_uag_custom_page_level_css":"","_monsterinsights_skip_tracking":false,"_uf_show_specific_survey":0,"_uf_disable_surveys":false,"footnotes":""},"categories":[265],"tags":[],"class_list":["post-38403","post","type-post","status-publish","format-standard","has-post-thumbnail","hentry","category-noticia"],"aioseo_notices":[],"aioseo_head":"\n\t\t<!-- All in One SEO 5.0.1.1 - aioseo.com -->\n\t<meta name=\"description\" content=\"Tegucigalpa. El Tribunal Superior de Cuentas de Honduras (TSC) desarroll\u00f3 el taller de formaci\u00f3n sobre Auditor\u00eda de la Deuda P\u00fablica, en el marco de la prolongaci\u00f3n de la Iniciativa Global para la Rendici\u00f3n de Cuentas de las Entidades Fiscalizadoras Superiores (GSAI) de apoyo entre hom\u00f3logos, con la participaci\u00f3n del Tribunal de Cuentas de la Uni\u00f3n\" \/>\n\t<meta name=\"robots\" content=\"max-image-preview:large\" \/>\n\t<meta name=\"author\" content=\"Ever Bueso\"\/>\n\t<link rel=\"canonical\" href=\"https:\/\/www.tsc.gob.hn\/index.php\/2026\/08\/24\/tsc-fortalecio-capacidades-de-auditores-en-materia-de-deuda-publica\/\" \/>\n\t<meta name=\"generator\" content=\"All in One SEO (AIOSEO) 5.0.1.1\" \/>\n\t\t<meta property=\"og:locale\" content=\"es_ES\" \/>\n\t\t<meta property=\"og:site_name\" content=\"TSC - TSC\" \/>\n\t\t<meta property=\"og:type\" content=\"article\" \/>\n\t\t<meta property=\"og:title\" content=\"TSC fortaleci\u00f3 capacidades de Auditores en materia de Deuda P\u00fablica - TSC\" \/>\n\t\t<meta property=\"og:description\" content=\"Tegucigalpa. El Tribunal Superior de Cuentas de Honduras (TSC) desarroll\u00f3 el taller de formaci\u00f3n sobre Auditor\u00eda de la Deuda P\u00fablica, en el marco de la prolongaci\u00f3n de la Iniciativa Global para la Rendici\u00f3n de Cuentas de las Entidades Fiscalizadoras Superiores (GSAI) de apoyo entre hom\u00f3logos, con la participaci\u00f3n del Tribunal de Cuentas de la Uni\u00f3n\" \/>\n\t\t<meta property=\"og:url\" content=\"https:\/\/www.tsc.gob.hn\/index.php\/2026\/08\/24\/tsc-fortalecio-capacidades-de-auditores-en-materia-de-deuda-publica\/\" \/>\n\t\t<meta property=\"og:image\" content=\"https:\/\/www.tsc.gob.hn\/wp-content\/uploads\/Tribunal-Superior-de-Cuentas-Logo.png\" \/>\n\t\t<meta property=\"og:image:secure_url\" content=\"https:\/\/www.tsc.gob.hn\/wp-content\/uploads\/Tribunal-Superior-de-Cuentas-Logo.png\" \/>\n\t\t<meta property=\"og:image:width\" content=\"282\" \/>\n\t\t<meta property=\"og:image:height\" content=\"250\" \/>\n\t\t<meta property=\"article:published_time\" content=\"2026-08-24T20:42:00+00:00\" \/>\n\t\t<meta property=\"article:modified_time\" content=\"2026-09-04T21:14:59+00:00\" \/>\n\t\t<meta property=\"article:publisher\" content=\"https:\/\/www.facebook.com\/tschonduras\" \/>\n\t\t<meta name=\"twitter:card\" content=\"summary_large_image\" \/>\n\t\t<meta name=\"twitter:site\" content=\"@TSCHonduras\" \/>\n\t\t<meta name=\"twitter:title\" content=\"TSC fortaleci\u00f3 capacidades de Auditores en materia de Deuda P\u00fablica - TSC\" \/>\n\t\t<meta name=\"twitter:description\" content=\"Tegucigalpa. El Tribunal Superior de Cuentas de Honduras (TSC) desarroll\u00f3 el taller de formaci\u00f3n sobre Auditor\u00eda de la Deuda P\u00fablica, en el marco de la prolongaci\u00f3n de la Iniciativa Global para la Rendici\u00f3n de Cuentas de las Entidades Fiscalizadoras Superiores (GSAI) de apoyo entre hom\u00f3logos, con la participaci\u00f3n del Tribunal de Cuentas de la Uni\u00f3n\" \/>\n\t\t<meta name=\"twitter:creator\" content=\"@TSCHonduras\" \/>\n\t\t<meta name=\"twitter:image\" content=\"https:\/\/www.tsc.gob.hn\/wp-content\/uploads\/Tribunal-Superior-de-Cuentas-Logo.png\" \/>\n\t\t<script type=\"application\/ld+json\" class=\"aioseo-schema\">\n\t\t\t{\"@context\":\"https:\\\/\\\/schema.org\",\"@graph\":[{\"@type\":\"BlogPosting\",\"@id\":\"https:\\\/\\\/www.tsc.gob.hn\\\/index.php\\\/2026\\\/08\\\/24\\\/tsc-fortalecio-capacidades-de-auditores-en-materia-de-deuda-publica\\\/#blogposting\",\"name\":\"TSC fortaleci\\u00f3 capacidades de Auditores en materia de Deuda P\\u00fablica - TSC\",\"headline\":\"TSC fortaleci\\u00f3 capacidades de Auditores en materia de Deuda P\\u00fablica\",\"author\":{\"@id\":\"https:\\\/\\\/www.tsc.gob.hn\\\/index.php\\\/author\\\/tsc_web_adm\\\/#author\"},\"publisher\":{\"@id\":\"https:\\\/\\\/www.tsc.gob.hn\\\/#organization\"},\"image\":{\"@type\":\"ImageObject\",\"url\":\"https:\\\/\\\/www.tsc.gob.hn\\\/wp-content\\\/uploads\\\/Auditores-Deuda-publica3.jpg\",\"width\":1500,\"height\":1282,\"caption\":\"El TSC desarroll\\u00f3 el taller de formaci\\u00f3n sobre Auditor\\u00eda de la Deuda\\nP\\u00fablica con la participaci\\u00f3n del TCU de Brasil y la IDI.\"},\"datePublished\":\"2026-08-24T14:42:00-06:00\",\"dateModified\":\"2026-09-04T15:14:59-06:00\",\"inLanguage\":\"es-ES\",\"mainEntityOfPage\":{\"@id\":\"https:\\\/\\\/www.tsc.gob.hn\\\/index.php\\\/2026\\\/08\\\/24\\\/tsc-fortalecio-capacidades-de-auditores-en-materia-de-deuda-publica\\\/#webpage\"},\"isPartOf\":{\"@id\":\"https:\\\/\\\/www.tsc.gob.hn\\\/index.php\\\/2026\\\/08\\\/24\\\/tsc-fortalecio-capacidades-de-auditores-en-materia-de-deuda-publica\\\/#webpage\"},\"articleSection\":\"Noticia\"},{\"@type\":\"BreadcrumbList\",\"@id\":\"https:\\\/\\\/www.tsc.gob.hn\\\/index.php\\\/2026\\\/08\\\/24\\\/tsc-fortalecio-capacidades-de-auditores-en-materia-de-deuda-publica\\\/#breadcrumblist\",\"itemListElement\":[{\"@type\":\"ListItem\",\"@id\":\"https:\\\/\\\/www.tsc.gob.hn#listItem\",\"position\":1,\"name\":\"Home\",\"item\":\"https:\\\/\\\/www.tsc.gob.hn\",\"nextItem\":{\"@type\":\"ListItem\",\"@id\":\"https:\\\/\\\/www.tsc.gob.hn\\\/index.php\\\/category\\\/noticia\\\/#listItem\",\"name\":\"Noticia\"}},{\"@type\":\"ListItem\",\"@id\":\"https:\\\/\\\/www.tsc.gob.hn\\\/index.php\\\/category\\\/noticia\\\/#listItem\",\"position\":2,\"name\":\"Noticia\",\"item\":\"https:\\\/\\\/www.tsc.gob.hn\\\/index.php\\\/category\\\/noticia\\\/\",\"nextItem\":{\"@type\":\"ListItem\",\"@id\":\"https:\\\/\\\/www.tsc.gob.hn\\\/index.php\\\/2026\\\/08\\\/24\\\/tsc-fortalecio-capacidades-de-auditores-en-materia-de-deuda-publica\\\/#listItem\",\"name\":\"TSC fortaleci\\u00f3 capacidades de Auditores en materia de Deuda P\\u00fablica\"},\"previousItem\":{\"@type\":\"ListItem\",\"@id\":\"https:\\\/\\\/www.tsc.gob.hn#listItem\",\"name\":\"Home\"}},{\"@type\":\"ListItem\",\"@id\":\"https:\\\/\\\/www.tsc.gob.hn\\\/index.php\\\/2026\\\/08\\\/24\\\/tsc-fortalecio-capacidades-de-auditores-en-materia-de-deuda-publica\\\/#listItem\",\"position\":3,\"name\":\"TSC fortaleci\\u00f3 capacidades de Auditores en materia de Deuda P\\u00fablica\",\"previousItem\":{\"@type\":\"ListItem\",\"@id\":\"https:\\\/\\\/www.tsc.gob.hn\\\/index.php\\\/category\\\/noticia\\\/#listItem\",\"name\":\"Noticia\"}}]},{\"@type\":\"Organization\",\"@id\":\"https:\\\/\\\/www.tsc.gob.hn\\\/#organization\",\"name\":\"TSC\",\"description\":\"TSC\",\"url\":\"https:\\\/\\\/www.tsc.gob.hn\\\/\",\"logo\":{\"@type\":\"ImageObject\",\"url\":\"https:\\\/\\\/www.tsc.gob.hn\\\/wp-content\\\/uploads\\\/Tribunal-Superior-de-Cuentas-Logo.png\",\"@id\":\"https:\\\/\\\/www.tsc.gob.hn\\\/index.php\\\/2026\\\/08\\\/24\\\/tsc-fortalecio-capacidades-de-auditores-en-materia-de-deuda-publica\\\/#organizationLogo\",\"width\":282,\"height\":250,\"caption\":\"Logo del Tribunal Superior de Cuentas (TSC)\"},\"image\":{\"@id\":\"https:\\\/\\\/www.tsc.gob.hn\\\/index.php\\\/2026\\\/08\\\/24\\\/tsc-fortalecio-capacidades-de-auditores-en-materia-de-deuda-publica\\\/#organizationLogo\"},\"sameAs\":[\"https:\\\/\\\/www.facebook.com\\\/tschonduras\",\"https:\\\/\\\/twitter.com\\\/TSCHonduras\",\"https:\\\/\\\/www.youtube.com\\\/channel\\\/UCtuC16XL4dMZ2t4LQC-c9BQ\"]},{\"@type\":\"Person\",\"@id\":\"https:\\\/\\\/www.tsc.gob.hn\\\/index.php\\\/author\\\/tsc_web_adm\\\/#author\",\"url\":\"https:\\\/\\\/www.tsc.gob.hn\\\/index.php\\\/author\\\/tsc_web_adm\\\/\",\"name\":\"Ever Bueso\",\"image\":{\"@type\":\"ImageObject\",\"@id\":\"https:\\\/\\\/www.tsc.gob.hn\\\/index.php\\\/2026\\\/08\\\/24\\\/tsc-fortalecio-capacidades-de-auditores-en-materia-de-deuda-publica\\\/#authorImage\",\"url\":\"https:\\\/\\\/secure.gravatar.com\\\/avatar\\\/7e5e847e014b673d861bd4eb3a40d72ca9c90271de18ee3c099c3118fd23aa70?s=96&d=mm&r=g\",\"width\":96,\"height\":96,\"caption\":\"Ever Bueso\"}},{\"@type\":\"WebPage\",\"@id\":\"https:\\\/\\\/www.tsc.gob.hn\\\/index.php\\\/2026\\\/08\\\/24\\\/tsc-fortalecio-capacidades-de-auditores-en-materia-de-deuda-publica\\\/#webpage\",\"url\":\"https:\\\/\\\/www.tsc.gob.hn\\\/index.php\\\/2026\\\/08\\\/24\\\/tsc-fortalecio-capacidades-de-auditores-en-materia-de-deuda-publica\\\/\",\"name\":\"TSC fortaleci\\u00f3 capacidades de Auditores en materia de Deuda P\\u00fablica - TSC\",\"description\":\"Tegucigalpa. El Tribunal Superior de Cuentas de Honduras (TSC) desarroll\\u00f3 el taller de formaci\\u00f3n sobre Auditor\\u00eda de la Deuda P\\u00fablica, en el marco de la prolongaci\\u00f3n de la Iniciativa Global para la Rendici\\u00f3n de Cuentas de las Entidades Fiscalizadoras Superiores (GSAI) de apoyo entre hom\\u00f3logos, con la participaci\\u00f3n del Tribunal de Cuentas de la Uni\\u00f3n\",\"inLanguage\":\"es-ES\",\"isPartOf\":{\"@id\":\"https:\\\/\\\/www.tsc.gob.hn\\\/#website\"},\"breadcrumb\":{\"@id\":\"https:\\\/\\\/www.tsc.gob.hn\\\/index.php\\\/2026\\\/08\\\/24\\\/tsc-fortalecio-capacidades-de-auditores-en-materia-de-deuda-publica\\\/#breadcrumblist\"},\"author\":{\"@id\":\"https:\\\/\\\/www.tsc.gob.hn\\\/index.php\\\/author\\\/tsc_web_adm\\\/#author\"},\"creator\":{\"@id\":\"https:\\\/\\\/www.tsc.gob.hn\\\/index.php\\\/author\\\/tsc_web_adm\\\/#author\"},\"image\":{\"@type\":\"ImageObject\",\"url\":\"https:\\\/\\\/www.tsc.gob.hn\\\/wp-content\\\/uploads\\\/Auditores-Deuda-publica3.jpg\",\"@id\":\"https:\\\/\\\/www.tsc.gob.hn\\\/index.php\\\/2026\\\/08\\\/24\\\/tsc-fortalecio-capacidades-de-auditores-en-materia-de-deuda-publica\\\/#mainImage\",\"width\":1500,\"height\":1282,\"caption\":\"El TSC desarroll\\u00f3 el taller de formaci\\u00f3n sobre Auditor\\u00eda de la Deuda\\nP\\u00fablica con la participaci\\u00f3n del TCU de Brasil y la IDI.\"},\"primaryImageOfPage\":{\"@id\":\"https:\\\/\\\/www.tsc.gob.hn\\\/index.php\\\/2026\\\/08\\\/24\\\/tsc-fortalecio-capacidades-de-auditores-en-materia-de-deuda-publica\\\/#mainImage\"},\"datePublished\":\"2026-08-24T14:42:00-06:00\",\"dateModified\":\"2026-09-04T15:14:59-06:00\"},{\"@type\":\"WebSite\",\"@id\":\"https:\\\/\\\/www.tsc.gob.hn\\\/#website\",\"url\":\"https:\\\/\\\/www.tsc.gob.hn\\\/\",\"name\":\"TSC\",\"description\":\"TSC\",\"inLanguage\":\"es-ES\",\"publisher\":{\"@id\":\"https:\\\/\\\/www.tsc.gob.hn\\\/#organization\"}}]}\n\t\t<\/script>\n\t\t<!-- All in One SEO -->\n\n","aioseo_head_json":{"title":"TSC fortaleci\u00f3 capacidades de Auditores en materia de Deuda P\u00fablica - TSC","description":"Tegucigalpa. El Tribunal Superior de Cuentas de Honduras (TSC) desarroll\u00f3 el taller de formaci\u00f3n sobre Auditor\u00eda de la Deuda P\u00fablica, en el marco de la prolongaci\u00f3n de la Iniciativa Global para la Rendici\u00f3n de Cuentas de las Entidades Fiscalizadoras Superiores (GSAI) de apoyo entre hom\u00f3logos, con la participaci\u00f3n del Tribunal de Cuentas de la Uni\u00f3n","canonical_url":"https:\/\/www.tsc.gob.hn\/index.php\/2026\/08\/24\/tsc-fortalecio-capacidades-de-auditores-en-materia-de-deuda-publica\/","robots":"max-image-preview:large","keywords":"","webmasterTools":{"miscellaneous":""},"schema":{"@context":"https:\/\/schema.org","@graph":[{"@type":"BlogPosting","@id":"https:\/\/www.tsc.gob.hn\/index.php\/2026\/08\/24\/tsc-fortalecio-capacidades-de-auditores-en-materia-de-deuda-publica\/#blogposting","name":"TSC fortaleci\u00f3 capacidades de Auditores en materia de Deuda P\u00fablica - TSC","headline":"TSC fortaleci\u00f3 capacidades de Auditores en materia de Deuda P\u00fablica","author":{"@id":"https:\/\/www.tsc.gob.hn\/index.php\/author\/tsc_web_adm\/#author"},"publisher":{"@id":"https:\/\/www.tsc.gob.hn\/#organization"},"image":{"@type":"ImageObject","url":"https:\/\/www.tsc.gob.hn\/wp-content\/uploads\/Auditores-Deuda-publica3.jpg","width":1500,"height":1282,"caption":"El TSC desarroll\u00f3 el taller de formaci\u00f3n sobre Auditor\u00eda de la Deuda\nP\u00fablica con la participaci\u00f3n del TCU de Brasil y la IDI."},"datePublished":"2026-08-24T14:42:00-06:00","dateModified":"2026-09-04T15:14:59-06:00","inLanguage":"es-ES","mainEntityOfPage":{"@id":"https:\/\/www.tsc.gob.hn\/index.php\/2026\/08\/24\/tsc-fortalecio-capacidades-de-auditores-en-materia-de-deuda-publica\/#webpage"},"isPartOf":{"@id":"https:\/\/www.tsc.gob.hn\/index.php\/2026\/08\/24\/tsc-fortalecio-capacidades-de-auditores-en-materia-de-deuda-publica\/#webpage"},"articleSection":"Noticia"},{"@type":"BreadcrumbList","@id":"https:\/\/www.tsc.gob.hn\/index.php\/2026\/08\/24\/tsc-fortalecio-capacidades-de-auditores-en-materia-de-deuda-publica\/#breadcrumblist","itemListElement":[{"@type":"ListItem","@id":"https:\/\/www.tsc.gob.hn#listItem","position":1,"name":"Home","item":"https:\/\/www.tsc.gob.hn","nextItem":{"@type":"ListItem","@id":"https:\/\/www.tsc.gob.hn\/index.php\/category\/noticia\/#listItem","name":"Noticia"}},{"@type":"ListItem","@id":"https:\/\/www.tsc.gob.hn\/index.php\/category\/noticia\/#listItem","position":2,"name":"Noticia","item":"https:\/\/www.tsc.gob.hn\/index.php\/category\/noticia\/","nextItem":{"@type":"ListItem","@id":"https:\/\/www.tsc.gob.hn\/index.php\/2026\/08\/24\/tsc-fortalecio-capacidades-de-auditores-en-materia-de-deuda-publica\/#listItem","name":"TSC fortaleci\u00f3 capacidades de Auditores en materia de Deuda P\u00fablica"},"previousItem":{"@type":"ListItem","@id":"https:\/\/www.tsc.gob.hn#listItem","name":"Home"}},{"@type":"ListItem","@id":"https:\/\/www.tsc.gob.hn\/index.php\/2026\/08\/24\/tsc-fortalecio-capacidades-de-auditores-en-materia-de-deuda-publica\/#listItem","position":3,"name":"TSC fortaleci\u00f3 capacidades de Auditores en materia de Deuda P\u00fablica","previousItem":{"@type":"ListItem","@id":"https:\/\/www.tsc.gob.hn\/index.php\/category\/noticia\/#listItem","name":"Noticia"}}]},{"@type":"Organization","@id":"https:\/\/www.tsc.gob.hn\/#organization","name":"TSC","description":"TSC","url":"https:\/\/www.tsc.gob.hn\/","logo":{"@type":"ImageObject","url":"https:\/\/www.tsc.gob.hn\/wp-content\/uploads\/Tribunal-Superior-de-Cuentas-Logo.png","@id":"https:\/\/www.tsc.gob.hn\/index.php\/2026\/08\/24\/tsc-fortalecio-capacidades-de-auditores-en-materia-de-deuda-publica\/#organizationLogo","width":282,"height":250,"caption":"Logo del Tribunal Superior de Cuentas (TSC)"},"image":{"@id":"https:\/\/www.tsc.gob.hn\/index.php\/2026\/08\/24\/tsc-fortalecio-capacidades-de-auditores-en-materia-de-deuda-publica\/#organizationLogo"},"sameAs":["https:\/\/www.facebook.com\/tschonduras","https:\/\/twitter.com\/TSCHonduras","https:\/\/www.youtube.com\/channel\/UCtuC16XL4dMZ2t4LQC-c9BQ"]},{"@type":"Person","@id":"https:\/\/www.tsc.gob.hn\/index.php\/author\/tsc_web_adm\/#author","url":"https:\/\/www.tsc.gob.hn\/index.php\/author\/tsc_web_adm\/","name":"Ever Bueso","image":{"@type":"ImageObject","@id":"https:\/\/www.tsc.gob.hn\/index.php\/2026\/08\/24\/tsc-fortalecio-capacidades-de-auditores-en-materia-de-deuda-publica\/#authorImage","url":"https:\/\/secure.gravatar.com\/avatar\/7e5e847e014b673d861bd4eb3a40d72ca9c90271de18ee3c099c3118fd23aa70?s=96&d=mm&r=g","width":96,"height":96,"caption":"Ever Bueso"}},{"@type":"WebPage","@id":"https:\/\/www.tsc.gob.hn\/index.php\/2026\/08\/24\/tsc-fortalecio-capacidades-de-auditores-en-materia-de-deuda-publica\/#webpage","url":"https:\/\/www.tsc.gob.hn\/index.php\/2026\/08\/24\/tsc-fortalecio-capacidades-de-auditores-en-materia-de-deuda-publica\/","name":"TSC fortaleci\u00f3 capacidades de Auditores en materia de Deuda P\u00fablica - TSC","description":"Tegucigalpa. El Tribunal Superior de Cuentas de Honduras (TSC) desarroll\u00f3 el taller de formaci\u00f3n sobre Auditor\u00eda de la Deuda P\u00fablica, en el marco de la prolongaci\u00f3n de la Iniciativa Global para la Rendici\u00f3n de Cuentas de las Entidades Fiscalizadoras Superiores (GSAI) de apoyo entre hom\u00f3logos, con la participaci\u00f3n del Tribunal de Cuentas de la Uni\u00f3n","inLanguage":"es-ES","isPartOf":{"@id":"https:\/\/www.tsc.gob.hn\/#website"},"breadcrumb":{"@id":"https:\/\/www.tsc.gob.hn\/index.php\/2026\/08\/24\/tsc-fortalecio-capacidades-de-auditores-en-materia-de-deuda-publica\/#breadcrumblist"},"author":{"@id":"https:\/\/www.tsc.gob.hn\/index.php\/author\/tsc_web_adm\/#author"},"creator":{"@id":"https:\/\/www.tsc.gob.hn\/index.php\/author\/tsc_web_adm\/#author"},"image":{"@type":"ImageObject","url":"https:\/\/www.tsc.gob.hn\/wp-content\/uploads\/Auditores-Deuda-publica3.jpg","@id":"https:\/\/www.tsc.gob.hn\/index.php\/2026\/08\/24\/tsc-fortalecio-capacidades-de-auditores-en-materia-de-deuda-publica\/#mainImage","width":1500,"height":1282,"caption":"El TSC desarroll\u00f3 el taller de formaci\u00f3n sobre Auditor\u00eda de la Deuda\nP\u00fablica con la participaci\u00f3n del TCU de Brasil y la IDI."},"primaryImageOfPage":{"@id":"https:\/\/www.tsc.gob.hn\/index.php\/2026\/08\/24\/tsc-fortalecio-capacidades-de-auditores-en-materia-de-deuda-publica\/#mainImage"},"datePublished":"2026-08-24T14:42:00-06:00","dateModified":"2026-09-04T15:14:59-06:00"},{"@type":"WebSite","@id":"https:\/\/www.tsc.gob.hn\/#website","url":"https:\/\/www.tsc.gob.hn\/","name":"TSC","description":"TSC","inLanguage":"es-ES","publisher":{"@id":"https:\/\/www.tsc.gob.hn\/#organization"}}]},"og:locale":"es_ES","og:site_name":"TSC - TSC","og:type":"article","og:title":"TSC fortaleci\u00f3 capacidades de Auditores en materia de Deuda P\u00fablica - TSC","og:description":"Tegucigalpa. El Tribunal Superior de Cuentas de Honduras (TSC) desarroll\u00f3 el taller de formaci\u00f3n sobre Auditor\u00eda de la Deuda P\u00fablica, en el marco de la prolongaci\u00f3n de la Iniciativa Global para la Rendici\u00f3n de Cuentas de las Entidades Fiscalizadoras Superiores (GSAI) de apoyo entre hom\u00f3logos, con la participaci\u00f3n del Tribunal de Cuentas de la Uni\u00f3n","og:url":"https:\/\/www.tsc.gob.hn\/index.php\/2026\/08\/24\/tsc-fortalecio-capacidades-de-auditores-en-materia-de-deuda-publica\/","og:image":"https:\/\/www.tsc.gob.hn\/wp-content\/uploads\/Tribunal-Superior-de-Cuentas-Logo.png","og:image:secure_url":"https:\/\/www.tsc.gob.hn\/wp-content\/uploads\/Tribunal-Superior-de-Cuentas-Logo.png","og:image:width":282,"og:image:height":250,"article:published_time":"2026-08-24T20:42:00+00:00","article:modified_time":"2026-09-04T21:14:59+00:00","article:publisher":"https:\/\/www.facebook.com\/tschonduras","twitter:card":"summary_large_image","twitter:site":"@TSCHonduras","twitter:title":"TSC fortaleci\u00f3 capacidades de Auditores en materia de Deuda P\u00fablica - TSC","twitter:description":"Tegucigalpa. El Tribunal Superior de Cuentas de Honduras (TSC) desarroll\u00f3 el taller de formaci\u00f3n sobre Auditor\u00eda de la Deuda P\u00fablica, en el marco de la prolongaci\u00f3n de la Iniciativa Global para la Rendici\u00f3n de Cuentas de las Entidades Fiscalizadoras Superiores (GSAI) de apoyo entre hom\u00f3logos, con la participaci\u00f3n del Tribunal de Cuentas de la Uni\u00f3n","twitter:creator":"@TSCHonduras","twitter:image":"https:\/\/www.tsc.gob.hn\/wp-content\/uploads\/Tribunal-Superior-de-Cuentas-Logo.png"},"aioseo_meta_data":{"post_id":"38403","title":null,"description":null,"keywords":null,"keyphrases":{"focus":{"keyphrase":"","score":0,"analysis":{"keyphraseInTitle":{"score":0,"maxScore":9,"error":1}}},"additional":[]},"primary_term":null,"canonical_url":null,"og_title":null,"og_description":null,"og_object_type":"default","og_image_type":"default","og_image_url":null,"og_image_width":null,"og_image_height":null,"og_image_custom_url":null,"og_image_custom_fields":null,"og_video":"","og_custom_url":null,"og_article_section":null,"og_article_tags":null,"twitter_use_og":false,"twitter_card":"default","twitter_image_type":"default","twitter_image_url":null,"twitter_image_custom_url":null,"twitter_image_custom_fields":null,"twitter_title":null,"twitter_description":null,"schema":{"blockGraphs":[],"customGraphs":[],"default":{"data":{"Article":[],"Course":[],"Dataset":[],"FAQPage":[],"Movie":[],"Person":[],"Product":[],"ProductReview":[],"Car":[],"Recipe":[],"Service":[],"SoftwareApplication":[],"WebPage":[]},"graphName":"BlogPosting","isEnabled":true},"graphs":[]},"schema_type":"default","schema_type_options":null,"pillar_content":false,"robots_default":true,"robots_noindex":false,"robots_noarchive":false,"robots_nosnippet":false,"robots_nofollow":false,"robots_noimageindex":false,"robots_noodp":false,"robots_notranslate":false,"robots_max_snippet":"-1","robots_max_videopreview":"-1","robots_max_imagepreview":"large","priority":null,"frequency":"default","local_seo":null,"breadcrumb_settings":null,"limit_modified_date":false,"ai":{"faqs":[],"keyPoints":[],"schemas":[],"titles":[],"descriptions":[],"socialPosts":{"email":{"subject":"","preview":"","content":""},"linkedin":[],"twitter":[],"facebook":[],"instagram":[]}},"created":"2026-09-04 20:44:58","updated":"2026-09-04 22:02:16","seo_analyzer_scan_date":null,"focus_keyword":null,"additional_keywords":null,"truseo_locale":null},"aioseo_breadcrumb":"<div class=\"aioseo-breadcrumbs\"><span class=\"aioseo-breadcrumb\">\n\t\t\t<a href=\"https:\/\/www.tsc.gob.hn\" title=\"Home\">Home<\/a>\n\t\t<\/span><span class=\"aioseo-breadcrumb-separator\">&raquo;<\/span><span class=\"aioseo-breadcrumb\">\n\t\t\t<a href=\"https:\/\/www.tsc.gob.hn\/index.php\/category\/noticia\/\" title=\"Noticia\">Noticia<\/a>\n\t\t<\/span><span class=\"aioseo-breadcrumb-separator\">&raquo;<\/span><span class=\"aioseo-breadcrumb\">\n\t\t\tTSC fortaleci\u00f3 capacidades de Auditores en materia de Deuda P\u00fablica\n\t\t<\/span><\/div>","aioseo_breadcrumb_json":[{"label":"Home","link":"https:\/\/www.tsc.gob.hn"},{"label":"Noticia","link":"https:\/\/www.tsc.gob.hn\/index.php\/category\/noticia\/"},{"label":"TSC fortaleci\u00f3 capacidades de Auditores en materia de Deuda P\u00fablica","link":"https:\/\/www.tsc.gob.hn\/index.php\/2026\/08\/24\/tsc-fortalecio-capacidades-de-auditores-en-materia-de-deuda-publica\/"}],"uagb_featured_image_src":{"full":["https:\/\/www.tsc.gob.hn\/wp-content\/uploads\/Auditores-Deuda-publica3.jpg",1500,1282,false],"thumbnail":["https:\/\/www.tsc.gob.hn\/wp-content\/uploads\/Auditores-Deuda-publica3-150x150.jpg",150,150,true],"medium":["https:\/\/www.tsc.gob.hn\/wp-content\/uploads\/Auditores-Deuda-publica3-300x256.jpg",300,256,true],"medium_large":["https:\/\/www.tsc.gob.hn\/wp-content\/uploads\/Auditores-Deuda-publica3-768x656.jpg",640,547,true],"large":["https:\/\/www.tsc.gob.hn\/wp-content\/uploads\/Auditores-Deuda-publica3.jpg",640,547,false],"1536x1536":["https:\/\/www.tsc.gob.hn\/wp-content\/uploads\/Auditores-Deuda-publica3.jpg",1500,1282,false],"2048x2048":["https:\/\/www.tsc.gob.hn\/wp-content\/uploads\/Auditores-Deuda-publica3.jpg",1500,1282,false],"govity_blog_370X304":["https:\/\/www.tsc.gob.hn\/wp-content\/uploads\/Auditores-Deuda-publica3-370x304.jpg",370,304,true],"govity_blog_200X283":["https:\/\/www.tsc.gob.hn\/wp-content\/uploads\/Auditores-Deuda-publica3-200x283.jpg",200,283,true],"govity_blog_770X428":["https:\/\/www.tsc.gob.hn\/wp-content\/uploads\/Auditores-Deuda-publica3-770x428.jpg",770,428,true],"govity_brand_logo_202X102":["https:\/\/www.tsc.gob.hn\/wp-content\/uploads\/Auditores-Deuda-publica3-202x102.jpg",202,102,true],"govity_brand_woo_270X308":["https:\/\/www.tsc.gob.hn\/wp-content\/uploads\/Auditores-Deuda-publica3-270x308.jpg",270,308,true],"govity_brand_70X70":["https:\/\/www.tsc.gob.hn\/wp-content\/uploads\/Auditores-Deuda-publica3-70x70.jpg",70,70,true],"psacp-medium":["https:\/\/www.tsc.gob.hn\/wp-content\/uploads\/Auditores-Deuda-publica3-500x500.jpg",500,500,true]},"uagb_author_info":{"display_name":"Ever Bueso","author_link":"https:\/\/www.tsc.gob.hn\/index.php\/author\/tsc_web_adm\/"},"uagb_comment_info":0,"uagb_excerpt":"El TSC desarroll\u00f3 el taller de formaci\u00f3n sobre Auditor\u00eda de la Deuda P\u00fablica con la participaci\u00f3n del TCU de Brasil y la IDI. Tegucigalpa. El Tribunal Superior de Cuentas de Honduras (TSC) desarroll\u00f3 el taller de formaci\u00f3n sobre Auditor\u00eda de la Deuda P\u00fablica, en el marco de la prolongaci\u00f3n de la Iniciativa Global para la&hellip;","_links":{"self":[{"href":"https:\/\/www.tsc.gob.hn\/index.php\/wp-json\/wp\/v2\/posts\/38403","targetHints":{"allow":["GET"]}}],"collection":[{"href":"https:\/\/www.tsc.gob.hn\/index.php\/wp-json\/wp\/v2\/posts"}],"about":[{"href":"https:\/\/www.tsc.gob.hn\/index.php\/wp-json\/wp\/v2\/types\/post"}],"author":[{"embeddable":true,"href":"https:\/\/www.tsc.gob.hn\/index.php\/wp-json\/wp\/v2\/users\/3"}],"replies":[{"embeddable":true,"href":"https:\/\/www.tsc.gob.hn\/index.php\/wp-json\/wp\/v2\/comments?post=38403"}],"version-history":[{"count":7,"href":"https:\/\/www.tsc.gob.hn\/index.php\/wp-json\/wp\/v2\/posts\/38403\/revisions"}],"predecessor-version":[{"id":38421,"href":"https:\/\/www.tsc.gob.hn\/index.php\/wp-json\/wp\/v2\/posts\/38403\/revisions\/38421"}],"wp:featuredmedia":[{"embeddable":true,"href":"https:\/\/www.tsc.gob.hn\/index.php\/wp-json\/wp\/v2\/media\/38404"}],"wp:attachment":[{"href":"https:\/\/www.tsc.gob.hn\/index.php\/wp-json\/wp\/v2\/media?parent=38403"}],"wp:term":[{"taxonomy":"category","embeddable":true,"href":"https:\/\/www.tsc.gob.hn\/index.php\/wp-json\/wp\/v2\/categories?post=38403"},{"taxonomy":"post_tag","embeddable":true,"href":"https:\/\/www.tsc.gob.hn\/index.php\/wp-json\/wp\/v2\/tags?post=38403"}],"curies":[{"name":"wp","href":"https:\/\/api.w.org\/{rel}","templated":true}]}}