{"id":38386,"date":"2026-08-06T13:59:00","date_gmt":"2026-08-06T19:59:00","guid":{"rendered":"https:\/\/www.tsc.gob.hn\/?p=38386"},"modified":"2026-09-04T14:11:19","modified_gmt":"2026-09-04T20:11:19","slug":"tsc-ofrecio-taller-a-formadores-para-capacitar-a-unos-54-mil-servidores-publicos-en-temas-de-probidad-y-etica","status":"publish","type":"post","link":"https:\/\/www.tsc.gob.hn\/index.php\/2026\/08\/06\/tsc-ofrecio-taller-a-formadores-para-capacitar-a-unos-54-mil-servidores-publicos-en-temas-de-probidad-y-etica\/","title":{"rendered":"TSC ofreci\u00f3 Taller a Formadores para capacitar a unos 54 mil servidores p\u00fablicos en temas de Probidad y \u00c9tica"},"content":{"rendered":"\t\t<div data-elementor-type=\"wp-post\" data-elementor-id=\"38386\" class=\"elementor elementor-38386\">\n\t\t\t\t<div class=\"elementor-element elementor-element-1dede6e e-flex e-con-boxed e-con e-parent\" data-id=\"1dede6e\" data-element_type=\"container\" data-e-type=\"container\">\n\t\t\t\t\t<div class=\"e-con-inner\">\n\t\t\t\t<div class=\"elementor-element elementor-element-f28fe9e elementor-widget elementor-widget-image\" data-id=\"f28fe9e\" data-element_type=\"widget\" data-e-type=\"widget\" data-widget_type=\"image.default\">\n\t\t\t\t<div class=\"elementor-widget-container\">\n\t\t\t\t\t\t\t\t\t\t\t\t<figure class=\"wp-caption\">\n\t\t\t\t\t\t\t\t\t\t<img fetchpriority=\"high\" decoding=\"async\" width=\"1600\" height=\"741\" src=\"https:\/\/www.tsc.gob.hn\/wp-content\/uploads\/Formadores-etica-TSC1.jpeg\" class=\"attachment-full size-full wp-image-38387\" alt=\"Capacitaci\u00f3n a formadores de Probidad y \u00c9tica\" srcset=\"https:\/\/www.tsc.gob.hn\/wp-content\/uploads\/Formadores-etica-TSC1.jpeg 1600w, https:\/\/www.tsc.gob.hn\/wp-content\/uploads\/Formadores-etica-TSC1-300x139.jpeg 300w, https:\/\/www.tsc.gob.hn\/wp-content\/uploads\/Formadores-etica-TSC1-768x356.jpeg 768w, https:\/\/www.tsc.gob.hn\/wp-content\/uploads\/Formadores-etica-TSC1-1536x711.jpeg 1536w\" sizes=\"(max-width: 1600px) 100vw, 1600px\" \/>\t\t\t\t\t\t\t\t\t\t\t<figcaption class=\"widget-image-caption wp-caption-text\">El TSC desarroll\u00f3 el Taller de Formador de Formadores dirigido a personal t\u00e9cnico de ANSEC e Infop, como parte del fortalecimiento de la\nprobidad y la \u00e9tica p\u00fablica.<\/figcaption>\n\t\t\t\t\t\t\t\t\t\t<\/figure>\n\t\t\t\t\t\t\t\t\t<\/div>\n\t\t\t\t<\/div>\n\t\t\t\t\t<\/div>\n\t\t\t\t<\/div>\n\t\t<div class=\"elementor-element elementor-element-ce2ef98 e-flex e-con-boxed e-con e-parent\" data-id=\"ce2ef98\" data-element_type=\"container\" data-e-type=\"container\">\n\t\t\t\t\t<div class=\"e-con-inner\">\n\t\t\t\t<div class=\"elementor-element elementor-element-bf64257 elementor-widget elementor-widget-text-editor\" data-id=\"bf64257\" data-element_type=\"widget\" data-e-type=\"widget\" data-widget_type=\"text-editor.default\">\n\t\t\t\t<div class=\"elementor-widget-container\">\n\t\t\t\t\t\t\t\t\t<p><strong>Tegucigalpa.<\/strong> El Tribunal Superior de Cuentas (TSC) desarroll\u00f3 un Taller de Formador de Formadores dirigido al personal t\u00e9cnico de la Administraci\u00f3n Nacional de Servicio Civil (ANSEC) y del Instituto Nacional de Formaci\u00f3n Profesional (Infop), con la finalidad de fortalecer la promoci\u00f3n de la probidad y la \u00e9tica en los empleados y funcionarios de las instituciones del sector p\u00fablico.<\/p><p>\u00a0<\/p><p>Lo anterior se enmarca en el proyecto \u201cFortalecimiento de la Integridad y la Aplicaci\u00f3n del C\u00f3digo de Conducta \u00c9tica del Servidor P\u00fablico\u201d, impulsado por el TSC, a trav\u00e9s de la Gerencia de Gesti\u00f3n y Promoci\u00f3n de la Probidad y la \u00c9tica, para fortalecer los conocimientos de quienes contribuir\u00e1n a promover una cultura de integridad en las instituciones del Estado.<\/p><p>\u00a0<\/p><p>El taller se ofreci\u00f3 en el sal\u00f3n de usos m\u00faltiples del Centro de Capacitaci\u00f3n para el Control de los Recursos P\u00fablicos (Cencacorp), el 06 de agosto, 2026, e inaugurado por el magistrado presidente, Ricardo Alfredo Montes N\u00e1jera.<\/p><p>\u00a0<\/p><p>En sus palabras el Magistrado Presidente recalc\u00f3 la necesidad de afianzar la cultura de valores en los servidores p\u00fablicos, para prevenir la comisi\u00f3n de actos irregulares; exhortando a los participantes a coadyuvar con el TSC para el logro de los objetivos.<\/p><p>\u00a0<\/p><p>El taller fue coordinado por la Gerencia de Gesti\u00f3n y Promoci\u00f3n de la Probidad y la \u00c9tica, quien pr\u00f3ximamente ejecutar\u00e1 un amplio plan de capacitaci\u00f3n sobre temas relacionados a la integridad, probidad y \u00e9tica p\u00fablica.<\/p><p>\u00a0<\/p><p>El proyecto contempla que t\u00e9cnicos del TSC, de la ANSEC y del Infop capaciten, en conjunto, a aproximadamente 54 mil servidores p\u00fablicos en temas de integridad y el C\u00f3digo de Conducta \u00c9tica del Servidor P\u00fablico y su Reglamento.<\/p><p>\u00a0<\/p><p>La actividad se desarrolla en el marco del Convenio de Cooperaci\u00f3n Interinstitucional suscrito entre el TSC y la ANSEC, por medio de la Escuela de Profesionalizaci\u00f3n de la Administraci\u00f3n P\u00fablica (EPAP), y el Infop, con el objetivo de impulsar un programa nacional de capacitaci\u00f3n dirigido a los servidores p\u00fablicos.<\/p><p>\u00a0<\/p><p>Como resultado de este esfuerzo conjunto, las instituciones participantes proyectan capacitar a los funcionarios y empleados de todas las instituciones del sector p\u00fablico, promoviendo la correcta aplicaci\u00f3n del C\u00f3digo de Conducta \u00c9tica del Servidor P\u00fablico y su Reglamento, as\u00ed como una cultura de integridad, transparencia y probidad en las entidades del Estado.<\/p>\t\t\t\t\t\t\t\t<\/div>\n\t\t\t\t<\/div>\n\t\t\t\t\t<\/div>\n\t\t\t\t<\/div>\n\t\t<div class=\"elementor-element elementor-element-c6cadd2 animated-slow e-flex e-con-boxed elementor-invisible e-con e-parent\" data-id=\"c6cadd2\" data-element_type=\"container\" data-e-type=\"container\" data-settings=\"{&quot;animation&quot;:&quot;slideInUp&quot;}\">\n\t\t\t\t\t<div class=\"e-con-inner\">\n\t\t\t\t<div class=\"elementor-element elementor-element-45d64c0 elementor-widget elementor-widget-image\" data-id=\"45d64c0\" data-element_type=\"widget\" data-e-type=\"widget\" data-widget_type=\"image.default\">\n\t\t\t\t<div class=\"elementor-widget-container\">\n\t\t\t\t\t\t\t\t\t\t\t\t<figure class=\"wp-caption\">\n\t\t\t\t\t\t\t\t\t\t<img decoding=\"async\" width=\"1243\" height=\"400\" src=\"https:\/\/www.tsc.gob.hn\/wp-content\/uploads\/Banner-formadores-etica.png\" class=\"attachment-full size-full wp-image-38390\" alt=\"Formadores de Probidad y \u00c9tica\" srcset=\"https:\/\/www.tsc.gob.hn\/wp-content\/uploads\/Banner-formadores-etica.png 1243w, https:\/\/www.tsc.gob.hn\/wp-content\/uploads\/Banner-formadores-etica-300x97.png 300w, https:\/\/www.tsc.gob.hn\/wp-content\/uploads\/Banner-formadores-etica-768x247.png 768w\" sizes=\"(max-width: 1243px) 100vw, 1243px\" \/>\t\t\t\t\t\t\t\t\t\t\t<figcaption class=\"widget-image-caption wp-caption-text\">Personal t\u00e9cnico del TSC, ANSEC e Infop particip\u00f3 en la jornada de formaci\u00f3n orientada a fortalecer la cultura de integridad en el sector p\u00fablico.<\/figcaption>\n\t\t\t\t\t\t\t\t\t\t<\/figure>\n\t\t\t\t\t\t\t\t\t<\/div>\n\t\t\t\t<\/div>\n\t\t\t\t\t<\/div>\n\t\t\t\t<\/div>\n\t\t<div class=\"elementor-element elementor-element-4d8bb51 e-flex e-con-boxed elementor-invisible e-con e-parent\" data-id=\"4d8bb51\" data-element_type=\"container\" data-e-type=\"container\" data-settings=\"{&quot;animation&quot;:&quot;slideInUp&quot;}\">\n\t\t\t\t\t<div class=\"e-con-inner\">\n\t\t\t\t<div class=\"elementor-element elementor-element-f8e44e9 elementor-widget elementor-widget-image\" data-id=\"f8e44e9\" data-element_type=\"widget\" data-e-type=\"widget\" data-widget_type=\"image.default\">\n\t\t\t\t<div class=\"elementor-widget-container\">\n\t\t\t\t\t\t\t\t\t\t\t\t\t\t\t<img decoding=\"async\" width=\"1280\" height=\"492\" src=\"https:\/\/www.tsc.gob.hn\/wp-content\/uploads\/Formadores-etica-TSC2.jpeg\" class=\"attachment-full size-full wp-image-38392\" alt=\"\" srcset=\"https:\/\/www.tsc.gob.hn\/wp-content\/uploads\/Formadores-etica-TSC2.jpeg 1280w, https:\/\/www.tsc.gob.hn\/wp-content\/uploads\/Formadores-etica-TSC2-300x115.jpeg 300w, https:\/\/www.tsc.gob.hn\/wp-content\/uploads\/Formadores-etica-TSC2-768x295.jpeg 768w\" sizes=\"(max-width: 1280px) 100vw, 1280px\" \/>\t\t\t\t\t\t\t\t\t\t\t\t\t\t\t<\/div>\n\t\t\t\t<\/div>\n\t\t\t\t\t<\/div>\n\t\t\t\t<\/div>\n\t\t\t\t<\/div>\n\t\t","protected":false},"excerpt":{"rendered":"<p>El TSC desarroll\u00f3 el Taller de Formador de Formadores dirigido a personal t\u00e9cnico de ANSEC e Infop, como parte del fortalecimiento de la probidad y la \u00e9tica p\u00fablica. Tegucigalpa. El Tribunal Superior de Cuentas (TSC) desarroll\u00f3 un Taller de Formador de Formadores dirigido al personal t\u00e9cnico de la Administraci\u00f3n Nacional de Servicio Civil (ANSEC) y [&hellip;]<\/p>\n","protected":false},"author":3,"featured_media":38387,"comment_status":"open","ping_status":"open","sticky":false,"template":"elementor_header_footer","format":"standard","meta":{"_uag_custom_page_level_css":"","_monsterinsights_skip_tracking":false,"_uf_show_specific_survey":0,"_uf_disable_surveys":false,"footnotes":""},"categories":[265],"tags":[],"class_list":["post-38386","post","type-post","status-publish","format-standard","has-post-thumbnail","hentry","category-noticia"],"aioseo_notices":[],"aioseo_head":"\n\t\t<!-- All in One SEO 5.0.1.1 - aioseo.com -->\n\t<meta name=\"description\" content=\"Tegucigalpa. El Tribunal Superior de Cuentas (TSC) desarroll\u00f3 un Taller de Formador de Formadores dirigido al personal t\u00e9cnico de la Administraci\u00f3n Nacional de Servicio Civil (ANSEC) y del Instituto Nacional de Formaci\u00f3n Profesional (Infop), con la finalidad de fortalecer la promoci\u00f3n de la probidad y la \u00e9tica en los empleados y funcionarios de las instituciones\" \/>\n\t<meta name=\"robots\" content=\"max-image-preview:large\" \/>\n\t<meta name=\"author\" content=\"Ever Bueso\"\/>\n\t<link rel=\"canonical\" href=\"https:\/\/www.tsc.gob.hn\/index.php\/2026\/08\/06\/tsc-ofrecio-taller-a-formadores-para-capacitar-a-unos-54-mil-servidores-publicos-en-temas-de-probidad-y-etica\/\" \/>\n\t<meta name=\"generator\" content=\"All in One SEO (AIOSEO) 5.0.1.1\" \/>\n\t\t<meta property=\"og:locale\" content=\"es_ES\" \/>\n\t\t<meta property=\"og:site_name\" content=\"TSC - TSC\" \/>\n\t\t<meta property=\"og:type\" content=\"article\" \/>\n\t\t<meta property=\"og:title\" content=\"TSC ofreci\u00f3 Taller a Formadores para capacitar a unos 54 mil servidores p\u00fablicos en temas de Probidad y \u00c9tica - TSC\" \/>\n\t\t<meta property=\"og:description\" content=\"Tegucigalpa. El Tribunal Superior de Cuentas (TSC) desarroll\u00f3 un Taller de Formador de Formadores dirigido al personal t\u00e9cnico de la Administraci\u00f3n Nacional de Servicio Civil (ANSEC) y del Instituto Nacional de Formaci\u00f3n Profesional (Infop), con la finalidad de fortalecer la promoci\u00f3n de la probidad y la \u00e9tica en los empleados y funcionarios de las instituciones\" \/>\n\t\t<meta property=\"og:url\" content=\"https:\/\/www.tsc.gob.hn\/index.php\/2026\/08\/06\/tsc-ofrecio-taller-a-formadores-para-capacitar-a-unos-54-mil-servidores-publicos-en-temas-de-probidad-y-etica\/\" \/>\n\t\t<meta property=\"og:image\" content=\"https:\/\/www.tsc.gob.hn\/wp-content\/uploads\/Tribunal-Superior-de-Cuentas-Logo.png\" \/>\n\t\t<meta property=\"og:image:secure_url\" content=\"https:\/\/www.tsc.gob.hn\/wp-content\/uploads\/Tribunal-Superior-de-Cuentas-Logo.png\" \/>\n\t\t<meta property=\"og:image:width\" content=\"282\" \/>\n\t\t<meta property=\"og:image:height\" content=\"250\" \/>\n\t\t<meta property=\"article:published_time\" content=\"2026-08-06T19:59:00+00:00\" \/>\n\t\t<meta property=\"article:modified_time\" content=\"2026-09-04T20:11:19+00:00\" \/>\n\t\t<meta property=\"article:publisher\" content=\"https:\/\/www.facebook.com\/tschonduras\" \/>\n\t\t<meta name=\"twitter:card\" content=\"summary_large_image\" \/>\n\t\t<meta name=\"twitter:site\" content=\"@TSCHonduras\" \/>\n\t\t<meta name=\"twitter:title\" content=\"TSC ofreci\u00f3 Taller a Formadores para capacitar a unos 54 mil servidores p\u00fablicos en temas de Probidad y \u00c9tica - TSC\" \/>\n\t\t<meta name=\"twitter:description\" content=\"Tegucigalpa. El Tribunal Superior de Cuentas (TSC) desarroll\u00f3 un Taller de Formador de Formadores dirigido al personal t\u00e9cnico de la Administraci\u00f3n Nacional de Servicio Civil (ANSEC) y del Instituto Nacional de Formaci\u00f3n Profesional (Infop), con la finalidad de fortalecer la promoci\u00f3n de la probidad y la \u00e9tica en los empleados y funcionarios de las instituciones\" \/>\n\t\t<meta name=\"twitter:creator\" content=\"@TSCHonduras\" \/>\n\t\t<meta name=\"twitter:image\" content=\"https:\/\/www.tsc.gob.hn\/wp-content\/uploads\/Tribunal-Superior-de-Cuentas-Logo.png\" \/>\n\t\t<script type=\"application\/ld+json\" class=\"aioseo-schema\">\n\t\t\t{\"@context\":\"https:\\\/\\\/schema.org\",\"@graph\":[{\"@type\":\"BlogPosting\",\"@id\":\"https:\\\/\\\/www.tsc.gob.hn\\\/index.php\\\/2026\\\/08\\\/06\\\/tsc-ofrecio-taller-a-formadores-para-capacitar-a-unos-54-mil-servidores-publicos-en-temas-de-probidad-y-etica\\\/#blogposting\",\"name\":\"TSC ofreci\\u00f3 Taller a Formadores para capacitar a unos 54 mil servidores p\\u00fablicos en temas de Probidad y \\u00c9tica - TSC\",\"headline\":\"TSC ofreci\\u00f3 Taller a Formadores para capacitar a unos 54 mil servidores p\\u00fablicos en temas de Probidad y \\u00c9tica\",\"author\":{\"@id\":\"https:\\\/\\\/www.tsc.gob.hn\\\/index.php\\\/author\\\/tsc_web_adm\\\/#author\"},\"publisher\":{\"@id\":\"https:\\\/\\\/www.tsc.gob.hn\\\/#organization\"},\"image\":{\"@type\":\"ImageObject\",\"url\":\"https:\\\/\\\/www.tsc.gob.hn\\\/wp-content\\\/uploads\\\/Formadores-etica-TSC1.jpeg\",\"width\":1600,\"height\":741,\"caption\":\"El TSC desarroll\\u00f3 el Taller de Formador de Formadores dirigido a personal t\\u00e9cnico de ANSEC e Infop, como parte del fortalecimiento de la\\nprobidad y la \\u00e9tica p\\u00fablica.\"},\"datePublished\":\"2026-08-06T13:59:00-06:00\",\"dateModified\":\"2026-09-04T14:11:19-06:00\",\"inLanguage\":\"es-ES\",\"mainEntityOfPage\":{\"@id\":\"https:\\\/\\\/www.tsc.gob.hn\\\/index.php\\\/2026\\\/08\\\/06\\\/tsc-ofrecio-taller-a-formadores-para-capacitar-a-unos-54-mil-servidores-publicos-en-temas-de-probidad-y-etica\\\/#webpage\"},\"isPartOf\":{\"@id\":\"https:\\\/\\\/www.tsc.gob.hn\\\/index.php\\\/2026\\\/08\\\/06\\\/tsc-ofrecio-taller-a-formadores-para-capacitar-a-unos-54-mil-servidores-publicos-en-temas-de-probidad-y-etica\\\/#webpage\"},\"articleSection\":\"Noticia\"},{\"@type\":\"BreadcrumbList\",\"@id\":\"https:\\\/\\\/www.tsc.gob.hn\\\/index.php\\\/2026\\\/08\\\/06\\\/tsc-ofrecio-taller-a-formadores-para-capacitar-a-unos-54-mil-servidores-publicos-en-temas-de-probidad-y-etica\\\/#breadcrumblist\",\"itemListElement\":[{\"@type\":\"ListItem\",\"@id\":\"https:\\\/\\\/www.tsc.gob.hn#listItem\",\"position\":1,\"name\":\"Home\",\"item\":\"https:\\\/\\\/www.tsc.gob.hn\",\"nextItem\":{\"@type\":\"ListItem\",\"@id\":\"https:\\\/\\\/www.tsc.gob.hn\\\/index.php\\\/category\\\/noticia\\\/#listItem\",\"name\":\"Noticia\"}},{\"@type\":\"ListItem\",\"@id\":\"https:\\\/\\\/www.tsc.gob.hn\\\/index.php\\\/category\\\/noticia\\\/#listItem\",\"position\":2,\"name\":\"Noticia\",\"item\":\"https:\\\/\\\/www.tsc.gob.hn\\\/index.php\\\/category\\\/noticia\\\/\",\"nextItem\":{\"@type\":\"ListItem\",\"@id\":\"https:\\\/\\\/www.tsc.gob.hn\\\/index.php\\\/2026\\\/08\\\/06\\\/tsc-ofrecio-taller-a-formadores-para-capacitar-a-unos-54-mil-servidores-publicos-en-temas-de-probidad-y-etica\\\/#listItem\",\"name\":\"TSC ofreci\\u00f3 Taller a Formadores para capacitar a unos 54 mil servidores p\\u00fablicos en temas de Probidad y \\u00c9tica\"},\"previousItem\":{\"@type\":\"ListItem\",\"@id\":\"https:\\\/\\\/www.tsc.gob.hn#listItem\",\"name\":\"Home\"}},{\"@type\":\"ListItem\",\"@id\":\"https:\\\/\\\/www.tsc.gob.hn\\\/index.php\\\/2026\\\/08\\\/06\\\/tsc-ofrecio-taller-a-formadores-para-capacitar-a-unos-54-mil-servidores-publicos-en-temas-de-probidad-y-etica\\\/#listItem\",\"position\":3,\"name\":\"TSC ofreci\\u00f3 Taller a Formadores para capacitar a unos 54 mil servidores p\\u00fablicos en temas de Probidad y \\u00c9tica\",\"previousItem\":{\"@type\":\"ListItem\",\"@id\":\"https:\\\/\\\/www.tsc.gob.hn\\\/index.php\\\/category\\\/noticia\\\/#listItem\",\"name\":\"Noticia\"}}]},{\"@type\":\"Organization\",\"@id\":\"https:\\\/\\\/www.tsc.gob.hn\\\/#organization\",\"name\":\"TSC\",\"description\":\"TSC\",\"url\":\"https:\\\/\\\/www.tsc.gob.hn\\\/\",\"logo\":{\"@type\":\"ImageObject\",\"url\":\"https:\\\/\\\/www.tsc.gob.hn\\\/wp-content\\\/uploads\\\/Tribunal-Superior-de-Cuentas-Logo.png\",\"@id\":\"https:\\\/\\\/www.tsc.gob.hn\\\/index.php\\\/2026\\\/08\\\/06\\\/tsc-ofrecio-taller-a-formadores-para-capacitar-a-unos-54-mil-servidores-publicos-en-temas-de-probidad-y-etica\\\/#organizationLogo\",\"width\":282,\"height\":250,\"caption\":\"Logo del Tribunal Superior de Cuentas (TSC)\"},\"image\":{\"@id\":\"https:\\\/\\\/www.tsc.gob.hn\\\/index.php\\\/2026\\\/08\\\/06\\\/tsc-ofrecio-taller-a-formadores-para-capacitar-a-unos-54-mil-servidores-publicos-en-temas-de-probidad-y-etica\\\/#organizationLogo\"},\"sameAs\":[\"https:\\\/\\\/www.facebook.com\\\/tschonduras\",\"https:\\\/\\\/twitter.com\\\/TSCHonduras\",\"https:\\\/\\\/www.youtube.com\\\/channel\\\/UCtuC16XL4dMZ2t4LQC-c9BQ\"]},{\"@type\":\"Person\",\"@id\":\"https:\\\/\\\/www.tsc.gob.hn\\\/index.php\\\/author\\\/tsc_web_adm\\\/#author\",\"url\":\"https:\\\/\\\/www.tsc.gob.hn\\\/index.php\\\/author\\\/tsc_web_adm\\\/\",\"name\":\"Ever Bueso\",\"image\":{\"@type\":\"ImageObject\",\"@id\":\"https:\\\/\\\/www.tsc.gob.hn\\\/index.php\\\/2026\\\/08\\\/06\\\/tsc-ofrecio-taller-a-formadores-para-capacitar-a-unos-54-mil-servidores-publicos-en-temas-de-probidad-y-etica\\\/#authorImage\",\"url\":\"https:\\\/\\\/secure.gravatar.com\\\/avatar\\\/7e5e847e014b673d861bd4eb3a40d72ca9c90271de18ee3c099c3118fd23aa70?s=96&d=mm&r=g\",\"width\":96,\"height\":96,\"caption\":\"Ever Bueso\"}},{\"@type\":\"WebPage\",\"@id\":\"https:\\\/\\\/www.tsc.gob.hn\\\/index.php\\\/2026\\\/08\\\/06\\\/tsc-ofrecio-taller-a-formadores-para-capacitar-a-unos-54-mil-servidores-publicos-en-temas-de-probidad-y-etica\\\/#webpage\",\"url\":\"https:\\\/\\\/www.tsc.gob.hn\\\/index.php\\\/2026\\\/08\\\/06\\\/tsc-ofrecio-taller-a-formadores-para-capacitar-a-unos-54-mil-servidores-publicos-en-temas-de-probidad-y-etica\\\/\",\"name\":\"TSC ofreci\\u00f3 Taller a Formadores para capacitar a unos 54 mil servidores p\\u00fablicos en temas de Probidad y \\u00c9tica - TSC\",\"description\":\"Tegucigalpa. El Tribunal Superior de Cuentas (TSC) desarroll\\u00f3 un Taller de Formador de Formadores dirigido al personal t\\u00e9cnico de la Administraci\\u00f3n Nacional de Servicio Civil (ANSEC) y del Instituto Nacional de Formaci\\u00f3n Profesional (Infop), con la finalidad de fortalecer la promoci\\u00f3n de la probidad y la \\u00e9tica en los empleados y funcionarios de las instituciones\",\"inLanguage\":\"es-ES\",\"isPartOf\":{\"@id\":\"https:\\\/\\\/www.tsc.gob.hn\\\/#website\"},\"breadcrumb\":{\"@id\":\"https:\\\/\\\/www.tsc.gob.hn\\\/index.php\\\/2026\\\/08\\\/06\\\/tsc-ofrecio-taller-a-formadores-para-capacitar-a-unos-54-mil-servidores-publicos-en-temas-de-probidad-y-etica\\\/#breadcrumblist\"},\"author\":{\"@id\":\"https:\\\/\\\/www.tsc.gob.hn\\\/index.php\\\/author\\\/tsc_web_adm\\\/#author\"},\"creator\":{\"@id\":\"https:\\\/\\\/www.tsc.gob.hn\\\/index.php\\\/author\\\/tsc_web_adm\\\/#author\"},\"image\":{\"@type\":\"ImageObject\",\"url\":\"https:\\\/\\\/www.tsc.gob.hn\\\/wp-content\\\/uploads\\\/Formadores-etica-TSC1.jpeg\",\"@id\":\"https:\\\/\\\/www.tsc.gob.hn\\\/index.php\\\/2026\\\/08\\\/06\\\/tsc-ofrecio-taller-a-formadores-para-capacitar-a-unos-54-mil-servidores-publicos-en-temas-de-probidad-y-etica\\\/#mainImage\",\"width\":1600,\"height\":741,\"caption\":\"El TSC desarroll\\u00f3 el Taller de Formador de Formadores dirigido a personal t\\u00e9cnico de ANSEC e Infop, como parte del fortalecimiento de la\\nprobidad y la \\u00e9tica p\\u00fablica.\"},\"primaryImageOfPage\":{\"@id\":\"https:\\\/\\\/www.tsc.gob.hn\\\/index.php\\\/2026\\\/08\\\/06\\\/tsc-ofrecio-taller-a-formadores-para-capacitar-a-unos-54-mil-servidores-publicos-en-temas-de-probidad-y-etica\\\/#mainImage\"},\"datePublished\":\"2026-08-06T13:59:00-06:00\",\"dateModified\":\"2026-09-04T14:11:19-06:00\"},{\"@type\":\"WebSite\",\"@id\":\"https:\\\/\\\/www.tsc.gob.hn\\\/#website\",\"url\":\"https:\\\/\\\/www.tsc.gob.hn\\\/\",\"name\":\"TSC\",\"description\":\"TSC\",\"inLanguage\":\"es-ES\",\"publisher\":{\"@id\":\"https:\\\/\\\/www.tsc.gob.hn\\\/#organization\"}}]}\n\t\t<\/script>\n\t\t<!-- All in One SEO -->\n\n","aioseo_head_json":{"title":"TSC ofreci\u00f3 Taller a Formadores para capacitar a unos 54 mil servidores p\u00fablicos en temas de Probidad y \u00c9tica - TSC","description":"Tegucigalpa. El Tribunal Superior de Cuentas (TSC) desarroll\u00f3 un Taller de Formador de Formadores dirigido al personal t\u00e9cnico de la Administraci\u00f3n Nacional de Servicio Civil (ANSEC) y del Instituto Nacional de Formaci\u00f3n Profesional (Infop), con la finalidad de fortalecer la promoci\u00f3n de la probidad y la \u00e9tica en los empleados y funcionarios de las instituciones","canonical_url":"https:\/\/www.tsc.gob.hn\/index.php\/2026\/08\/06\/tsc-ofrecio-taller-a-formadores-para-capacitar-a-unos-54-mil-servidores-publicos-en-temas-de-probidad-y-etica\/","robots":"max-image-preview:large","keywords":"","webmasterTools":{"miscellaneous":""},"schema":{"@context":"https:\/\/schema.org","@graph":[{"@type":"BlogPosting","@id":"https:\/\/www.tsc.gob.hn\/index.php\/2026\/08\/06\/tsc-ofrecio-taller-a-formadores-para-capacitar-a-unos-54-mil-servidores-publicos-en-temas-de-probidad-y-etica\/#blogposting","name":"TSC ofreci\u00f3 Taller a Formadores para capacitar a unos 54 mil servidores p\u00fablicos en temas de Probidad y \u00c9tica - TSC","headline":"TSC ofreci\u00f3 Taller a Formadores para capacitar a unos 54 mil servidores p\u00fablicos en temas de Probidad y \u00c9tica","author":{"@id":"https:\/\/www.tsc.gob.hn\/index.php\/author\/tsc_web_adm\/#author"},"publisher":{"@id":"https:\/\/www.tsc.gob.hn\/#organization"},"image":{"@type":"ImageObject","url":"https:\/\/www.tsc.gob.hn\/wp-content\/uploads\/Formadores-etica-TSC1.jpeg","width":1600,"height":741,"caption":"El TSC desarroll\u00f3 el Taller de Formador de Formadores dirigido a personal t\u00e9cnico de ANSEC e Infop, como parte del fortalecimiento de la\nprobidad y la \u00e9tica p\u00fablica."},"datePublished":"2026-08-06T13:59:00-06:00","dateModified":"2026-09-04T14:11:19-06:00","inLanguage":"es-ES","mainEntityOfPage":{"@id":"https:\/\/www.tsc.gob.hn\/index.php\/2026\/08\/06\/tsc-ofrecio-taller-a-formadores-para-capacitar-a-unos-54-mil-servidores-publicos-en-temas-de-probidad-y-etica\/#webpage"},"isPartOf":{"@id":"https:\/\/www.tsc.gob.hn\/index.php\/2026\/08\/06\/tsc-ofrecio-taller-a-formadores-para-capacitar-a-unos-54-mil-servidores-publicos-en-temas-de-probidad-y-etica\/#webpage"},"articleSection":"Noticia"},{"@type":"BreadcrumbList","@id":"https:\/\/www.tsc.gob.hn\/index.php\/2026\/08\/06\/tsc-ofrecio-taller-a-formadores-para-capacitar-a-unos-54-mil-servidores-publicos-en-temas-de-probidad-y-etica\/#breadcrumblist","itemListElement":[{"@type":"ListItem","@id":"https:\/\/www.tsc.gob.hn#listItem","position":1,"name":"Home","item":"https:\/\/www.tsc.gob.hn","nextItem":{"@type":"ListItem","@id":"https:\/\/www.tsc.gob.hn\/index.php\/category\/noticia\/#listItem","name":"Noticia"}},{"@type":"ListItem","@id":"https:\/\/www.tsc.gob.hn\/index.php\/category\/noticia\/#listItem","position":2,"name":"Noticia","item":"https:\/\/www.tsc.gob.hn\/index.php\/category\/noticia\/","nextItem":{"@type":"ListItem","@id":"https:\/\/www.tsc.gob.hn\/index.php\/2026\/08\/06\/tsc-ofrecio-taller-a-formadores-para-capacitar-a-unos-54-mil-servidores-publicos-en-temas-de-probidad-y-etica\/#listItem","name":"TSC ofreci\u00f3 Taller a Formadores para capacitar a unos 54 mil servidores p\u00fablicos en temas de Probidad y \u00c9tica"},"previousItem":{"@type":"ListItem","@id":"https:\/\/www.tsc.gob.hn#listItem","name":"Home"}},{"@type":"ListItem","@id":"https:\/\/www.tsc.gob.hn\/index.php\/2026\/08\/06\/tsc-ofrecio-taller-a-formadores-para-capacitar-a-unos-54-mil-servidores-publicos-en-temas-de-probidad-y-etica\/#listItem","position":3,"name":"TSC ofreci\u00f3 Taller a Formadores para capacitar a unos 54 mil servidores p\u00fablicos en temas de Probidad y \u00c9tica","previousItem":{"@type":"ListItem","@id":"https:\/\/www.tsc.gob.hn\/index.php\/category\/noticia\/#listItem","name":"Noticia"}}]},{"@type":"Organization","@id":"https:\/\/www.tsc.gob.hn\/#organization","name":"TSC","description":"TSC","url":"https:\/\/www.tsc.gob.hn\/","logo":{"@type":"ImageObject","url":"https:\/\/www.tsc.gob.hn\/wp-content\/uploads\/Tribunal-Superior-de-Cuentas-Logo.png","@id":"https:\/\/www.tsc.gob.hn\/index.php\/2026\/08\/06\/tsc-ofrecio-taller-a-formadores-para-capacitar-a-unos-54-mil-servidores-publicos-en-temas-de-probidad-y-etica\/#organizationLogo","width":282,"height":250,"caption":"Logo del Tribunal Superior de Cuentas (TSC)"},"image":{"@id":"https:\/\/www.tsc.gob.hn\/index.php\/2026\/08\/06\/tsc-ofrecio-taller-a-formadores-para-capacitar-a-unos-54-mil-servidores-publicos-en-temas-de-probidad-y-etica\/#organizationLogo"},"sameAs":["https:\/\/www.facebook.com\/tschonduras","https:\/\/twitter.com\/TSCHonduras","https:\/\/www.youtube.com\/channel\/UCtuC16XL4dMZ2t4LQC-c9BQ"]},{"@type":"Person","@id":"https:\/\/www.tsc.gob.hn\/index.php\/author\/tsc_web_adm\/#author","url":"https:\/\/www.tsc.gob.hn\/index.php\/author\/tsc_web_adm\/","name":"Ever Bueso","image":{"@type":"ImageObject","@id":"https:\/\/www.tsc.gob.hn\/index.php\/2026\/08\/06\/tsc-ofrecio-taller-a-formadores-para-capacitar-a-unos-54-mil-servidores-publicos-en-temas-de-probidad-y-etica\/#authorImage","url":"https:\/\/secure.gravatar.com\/avatar\/7e5e847e014b673d861bd4eb3a40d72ca9c90271de18ee3c099c3118fd23aa70?s=96&d=mm&r=g","width":96,"height":96,"caption":"Ever Bueso"}},{"@type":"WebPage","@id":"https:\/\/www.tsc.gob.hn\/index.php\/2026\/08\/06\/tsc-ofrecio-taller-a-formadores-para-capacitar-a-unos-54-mil-servidores-publicos-en-temas-de-probidad-y-etica\/#webpage","url":"https:\/\/www.tsc.gob.hn\/index.php\/2026\/08\/06\/tsc-ofrecio-taller-a-formadores-para-capacitar-a-unos-54-mil-servidores-publicos-en-temas-de-probidad-y-etica\/","name":"TSC ofreci\u00f3 Taller a Formadores para capacitar a unos 54 mil servidores p\u00fablicos en temas de Probidad y \u00c9tica - TSC","description":"Tegucigalpa. El Tribunal Superior de Cuentas (TSC) desarroll\u00f3 un Taller de Formador de Formadores dirigido al personal t\u00e9cnico de la Administraci\u00f3n Nacional de Servicio Civil (ANSEC) y del Instituto Nacional de Formaci\u00f3n Profesional (Infop), con la finalidad de fortalecer la promoci\u00f3n de la probidad y la \u00e9tica en los empleados y funcionarios de las instituciones","inLanguage":"es-ES","isPartOf":{"@id":"https:\/\/www.tsc.gob.hn\/#website"},"breadcrumb":{"@id":"https:\/\/www.tsc.gob.hn\/index.php\/2026\/08\/06\/tsc-ofrecio-taller-a-formadores-para-capacitar-a-unos-54-mil-servidores-publicos-en-temas-de-probidad-y-etica\/#breadcrumblist"},"author":{"@id":"https:\/\/www.tsc.gob.hn\/index.php\/author\/tsc_web_adm\/#author"},"creator":{"@id":"https:\/\/www.tsc.gob.hn\/index.php\/author\/tsc_web_adm\/#author"},"image":{"@type":"ImageObject","url":"https:\/\/www.tsc.gob.hn\/wp-content\/uploads\/Formadores-etica-TSC1.jpeg","@id":"https:\/\/www.tsc.gob.hn\/index.php\/2026\/08\/06\/tsc-ofrecio-taller-a-formadores-para-capacitar-a-unos-54-mil-servidores-publicos-en-temas-de-probidad-y-etica\/#mainImage","width":1600,"height":741,"caption":"El TSC desarroll\u00f3 el Taller de Formador de Formadores dirigido a personal t\u00e9cnico de ANSEC e Infop, como parte del fortalecimiento de la\nprobidad y la \u00e9tica p\u00fablica."},"primaryImageOfPage":{"@id":"https:\/\/www.tsc.gob.hn\/index.php\/2026\/08\/06\/tsc-ofrecio-taller-a-formadores-para-capacitar-a-unos-54-mil-servidores-publicos-en-temas-de-probidad-y-etica\/#mainImage"},"datePublished":"2026-08-06T13:59:00-06:00","dateModified":"2026-09-04T14:11:19-06:00"},{"@type":"WebSite","@id":"https:\/\/www.tsc.gob.hn\/#website","url":"https:\/\/www.tsc.gob.hn\/","name":"TSC","description":"TSC","inLanguage":"es-ES","publisher":{"@id":"https:\/\/www.tsc.gob.hn\/#organization"}}]},"og:locale":"es_ES","og:site_name":"TSC - TSC","og:type":"article","og:title":"TSC ofreci\u00f3 Taller a Formadores para capacitar a unos 54 mil servidores p\u00fablicos en temas de Probidad y \u00c9tica - TSC","og:description":"Tegucigalpa. El Tribunal Superior de Cuentas (TSC) desarroll\u00f3 un Taller de Formador de Formadores dirigido al personal t\u00e9cnico de la Administraci\u00f3n Nacional de Servicio Civil (ANSEC) y del Instituto Nacional de Formaci\u00f3n Profesional (Infop), con la finalidad de fortalecer la promoci\u00f3n de la probidad y la \u00e9tica en los empleados y funcionarios de las instituciones","og:url":"https:\/\/www.tsc.gob.hn\/index.php\/2026\/08\/06\/tsc-ofrecio-taller-a-formadores-para-capacitar-a-unos-54-mil-servidores-publicos-en-temas-de-probidad-y-etica\/","og:image":"https:\/\/www.tsc.gob.hn\/wp-content\/uploads\/Tribunal-Superior-de-Cuentas-Logo.png","og:image:secure_url":"https:\/\/www.tsc.gob.hn\/wp-content\/uploads\/Tribunal-Superior-de-Cuentas-Logo.png","og:image:width":282,"og:image:height":250,"article:published_time":"2026-08-06T19:59:00+00:00","article:modified_time":"2026-09-04T20:11:19+00:00","article:publisher":"https:\/\/www.facebook.com\/tschonduras","twitter:card":"summary_large_image","twitter:site":"@TSCHonduras","twitter:title":"TSC ofreci\u00f3 Taller a Formadores para capacitar a unos 54 mil servidores p\u00fablicos en temas de Probidad y \u00c9tica - TSC","twitter:description":"Tegucigalpa. El Tribunal Superior de Cuentas (TSC) desarroll\u00f3 un Taller de Formador de Formadores dirigido al personal t\u00e9cnico de la Administraci\u00f3n Nacional de Servicio Civil (ANSEC) y del Instituto Nacional de Formaci\u00f3n Profesional (Infop), con la finalidad de fortalecer la promoci\u00f3n de la probidad y la \u00e9tica en los empleados y funcionarios de las instituciones","twitter:creator":"@TSCHonduras","twitter:image":"https:\/\/www.tsc.gob.hn\/wp-content\/uploads\/Tribunal-Superior-de-Cuentas-Logo.png"},"aioseo_meta_data":{"post_id":"38386","title":null,"description":null,"keywords":null,"keyphrases":{"focus":[],"additional":[]},"primary_term":null,"canonical_url":null,"og_title":null,"og_description":null,"og_object_type":"default","og_image_type":"default","og_image_url":null,"og_image_width":null,"og_image_height":null,"og_image_custom_url":null,"og_image_custom_fields":null,"og_video":"","og_custom_url":null,"og_article_section":null,"og_article_tags":null,"twitter_use_og":false,"twitter_card":"default","twitter_image_type":"default","twitter_image_url":null,"twitter_image_custom_url":null,"twitter_image_custom_fields":null,"twitter_title":null,"twitter_description":null,"schema":{"blockGraphs":[],"customGraphs":[],"default":{"data":{"Article":[],"Course":[],"Dataset":[],"FAQPage":[],"Movie":[],"Person":[],"Product":[],"ProductReview":[],"Car":[],"Recipe":[],"Service":[],"SoftwareApplication":[],"WebPage":[]},"graphName":"BlogPosting","isEnabled":true},"graphs":[]},"schema_type":"default","schema_type_options":null,"pillar_content":false,"robots_default":true,"robots_noindex":false,"robots_noarchive":false,"robots_nosnippet":false,"robots_nofollow":false,"robots_noimageindex":false,"robots_noodp":false,"robots_notranslate":false,"robots_max_snippet":"-1","robots_max_videopreview":"-1","robots_max_imagepreview":"large","priority":null,"frequency":"default","local_seo":null,"breadcrumb_settings":null,"limit_modified_date":false,"ai":{"faqs":[],"keyPoints":[],"schemas":[],"titles":[],"descriptions":[],"socialPosts":{"email":{"subject":"","preview":"","content":""},"linkedin":[],"twitter":[],"facebook":[],"instagram":[]}},"created":"2026-09-04 20:03:49","updated":"2026-09-04 21:13:35","seo_analyzer_scan_date":null,"focus_keyword":null,"additional_keywords":null,"truseo_locale":null},"aioseo_breadcrumb":"<div class=\"aioseo-breadcrumbs\"><span class=\"aioseo-breadcrumb\">\n\t\t\t<a href=\"https:\/\/www.tsc.gob.hn\" title=\"Home\">Home<\/a>\n\t\t<\/span><span class=\"aioseo-breadcrumb-separator\">&raquo;<\/span><span class=\"aioseo-breadcrumb\">\n\t\t\t<a href=\"https:\/\/www.tsc.gob.hn\/index.php\/category\/noticia\/\" title=\"Noticia\">Noticia<\/a>\n\t\t<\/span><span class=\"aioseo-breadcrumb-separator\">&raquo;<\/span><span class=\"aioseo-breadcrumb\">\n\t\t\tTSC ofreci\u00f3 Taller a Formadores para capacitar a unos 54 mil servidores p\u00fablicos en temas de Probidad y \u00c9tica\n\t\t<\/span><\/div>","aioseo_breadcrumb_json":[{"label":"Home","link":"https:\/\/www.tsc.gob.hn"},{"label":"Noticia","link":"https:\/\/www.tsc.gob.hn\/index.php\/category\/noticia\/"},{"label":"TSC ofreci\u00f3 Taller a Formadores para capacitar a unos 54 mil servidores p\u00fablicos en temas de Probidad y \u00c9tica","link":"https:\/\/www.tsc.gob.hn\/index.php\/2026\/08\/06\/tsc-ofrecio-taller-a-formadores-para-capacitar-a-unos-54-mil-servidores-publicos-en-temas-de-probidad-y-etica\/"}],"uagb_featured_image_src":{"full":["https:\/\/www.tsc.gob.hn\/wp-content\/uploads\/Formadores-etica-TSC1.jpeg",1600,741,false],"thumbnail":["https:\/\/www.tsc.gob.hn\/wp-content\/uploads\/Formadores-etica-TSC1-150x150.jpeg",150,150,true],"medium":["https:\/\/www.tsc.gob.hn\/wp-content\/uploads\/Formadores-etica-TSC1-300x139.jpeg",300,139,true],"medium_large":["https:\/\/www.tsc.gob.hn\/wp-content\/uploads\/Formadores-etica-TSC1-768x356.jpeg",640,297,true],"large":["https:\/\/www.tsc.gob.hn\/wp-content\/uploads\/Formadores-etica-TSC1.jpeg",640,296,false],"1536x1536":["https:\/\/www.tsc.gob.hn\/wp-content\/uploads\/Formadores-etica-TSC1-1536x711.jpeg",1536,711,true],"2048x2048":["https:\/\/www.tsc.gob.hn\/wp-content\/uploads\/Formadores-etica-TSC1.jpeg",1600,741,false],"govity_blog_370X304":["https:\/\/www.tsc.gob.hn\/wp-content\/uploads\/Formadores-etica-TSC1-370x304.jpeg",370,304,true],"govity_blog_200X283":["https:\/\/www.tsc.gob.hn\/wp-content\/uploads\/Formadores-etica-TSC1-200x283.jpeg",200,283,true],"govity_blog_770X428":["https:\/\/www.tsc.gob.hn\/wp-content\/uploads\/Formadores-etica-TSC1-770x428.jpeg",770,428,true],"govity_brand_logo_202X102":["https:\/\/www.tsc.gob.hn\/wp-content\/uploads\/Formadores-etica-TSC1-202x102.jpeg",202,102,true],"govity_brand_woo_270X308":["https:\/\/www.tsc.gob.hn\/wp-content\/uploads\/Formadores-etica-TSC1-270x308.jpeg",270,308,true],"govity_brand_70X70":["https:\/\/www.tsc.gob.hn\/wp-content\/uploads\/Formadores-etica-TSC1-70x70.jpeg",70,70,true],"psacp-medium":["https:\/\/www.tsc.gob.hn\/wp-content\/uploads\/Formadores-etica-TSC1-500x500.jpeg",500,500,true]},"uagb_author_info":{"display_name":"Ever Bueso","author_link":"https:\/\/www.tsc.gob.hn\/index.php\/author\/tsc_web_adm\/"},"uagb_comment_info":0,"uagb_excerpt":"El TSC desarroll\u00f3 el Taller de Formador de Formadores dirigido a personal t\u00e9cnico de ANSEC e Infop, como parte del fortalecimiento de la probidad y la \u00e9tica p\u00fablica. Tegucigalpa. El Tribunal Superior de Cuentas (TSC) desarroll\u00f3 un Taller de Formador de Formadores dirigido al personal t\u00e9cnico de la Administraci\u00f3n Nacional de Servicio Civil (ANSEC) y&hellip;","_links":{"self":[{"href":"https:\/\/www.tsc.gob.hn\/index.php\/wp-json\/wp\/v2\/posts\/38386","targetHints":{"allow":["GET"]}}],"collection":[{"href":"https:\/\/www.tsc.gob.hn\/index.php\/wp-json\/wp\/v2\/posts"}],"about":[{"href":"https:\/\/www.tsc.gob.hn\/index.php\/wp-json\/wp\/v2\/types\/post"}],"author":[{"embeddable":true,"href":"https:\/\/www.tsc.gob.hn\/index.php\/wp-json\/wp\/v2\/users\/3"}],"replies":[{"embeddable":true,"href":"https:\/\/www.tsc.gob.hn\/index.php\/wp-json\/wp\/v2\/comments?post=38386"}],"version-history":[{"count":4,"href":"https:\/\/www.tsc.gob.hn\/index.php\/wp-json\/wp\/v2\/posts\/38386\/revisions"}],"predecessor-version":[{"id":38395,"href":"https:\/\/www.tsc.gob.hn\/index.php\/wp-json\/wp\/v2\/posts\/38386\/revisions\/38395"}],"wp:featuredmedia":[{"embeddable":true,"href":"https:\/\/www.tsc.gob.hn\/index.php\/wp-json\/wp\/v2\/media\/38387"}],"wp:attachment":[{"href":"https:\/\/www.tsc.gob.hn\/index.php\/wp-json\/wp\/v2\/media?parent=38386"}],"wp:term":[{"taxonomy":"category","embeddable":true,"href":"https:\/\/www.tsc.gob.hn\/index.php\/wp-json\/wp\/v2\/categories?post=38386"},{"taxonomy":"post_tag","embeddable":true,"href":"https:\/\/www.tsc.gob.hn\/index.php\/wp-json\/wp\/v2\/tags?post=38386"}],"curies":[{"name":"wp","href":"https:\/\/api.w.org\/{rel}","templated":true}]}}