{"id":38379,"date":"2026-08-07T11:48:00","date_gmt":"2026-08-07T17:48:00","guid":{"rendered":"https:\/\/www.tsc.gob.hn\/?p=38379"},"modified":"2026-09-04T11:55:10","modified_gmt":"2026-09-04T17:55:10","slug":"tribunal-superior-de-cuentas-y-banasupro-oficializan-acuerdo-para-proceso-de-fiscalizacion","status":"publish","type":"post","link":"https:\/\/www.tsc.gob.hn\/index.php\/2026\/08\/07\/tribunal-superior-de-cuentas-y-banasupro-oficializan-acuerdo-para-proceso-de-fiscalizacion\/","title":{"rendered":"Tribunal Superior de Cuentas y Banasupro oficializan Acuerdo para proceso de Fiscalizaci\u00f3n"},"content":{"rendered":"\t\t<div data-elementor-type=\"wp-post\" data-elementor-id=\"38379\" class=\"elementor elementor-38379\">\n\t\t\t\t<div class=\"elementor-element elementor-element-b685a40 e-grid e-con-boxed e-con e-parent\" data-id=\"b685a40\" data-element_type=\"container\" data-e-type=\"container\">\n\t\t\t\t\t<div class=\"e-con-inner\">\n\t\t\t\t<div class=\"elementor-element elementor-element-dec21b1 elementor-widget elementor-widget-image\" data-id=\"dec21b1\" data-element_type=\"widget\" data-e-type=\"widget\" data-widget_type=\"image.default\">\n\t\t\t\t<div class=\"elementor-widget-container\">\n\t\t\t\t\t\t\t\t\t\t\t\t<figure class=\"wp-caption\">\n\t\t\t\t\t\t\t\t\t\t<img fetchpriority=\"high\" decoding=\"async\" width=\"640\" height=\"407\" src=\"https:\/\/www.tsc.gob.hn\/wp-content\/uploads\/Acuerdo-TSC-Banasupro3.jpg\" class=\"attachment-large size-large wp-image-38380\" alt=\"Acuerdo Banasupro y TSC\" srcset=\"https:\/\/www.tsc.gob.hn\/wp-content\/uploads\/Acuerdo-TSC-Banasupro3.jpg 1500w, https:\/\/www.tsc.gob.hn\/wp-content\/uploads\/Acuerdo-TSC-Banasupro3-300x191.jpg 300w, https:\/\/www.tsc.gob.hn\/wp-content\/uploads\/Acuerdo-TSC-Banasupro3-768x488.jpg 768w\" sizes=\"(max-width: 640px) 100vw, 640px\" \/>\t\t\t\t\t\t\t\t\t\t\t<figcaption class=\"widget-image-caption wp-caption-text\">El magistrado presidente Ricardo Alfredo Montes N\u00e1jera y el gerente general de Banasupro,\nAar\u00f3n Gerardo Rea\u00f1os Aguilera, durante la firma del convenio.<\/figcaption>\n\t\t\t\t\t\t\t\t\t\t<\/figure>\n\t\t\t\t\t\t\t\t\t<\/div>\n\t\t\t\t<\/div>\n\t\t\t\t<div class=\"elementor-element elementor-element-aedd0b4 elementor-widget elementor-widget-image\" data-id=\"aedd0b4\" data-element_type=\"widget\" data-e-type=\"widget\" data-widget_type=\"image.default\">\n\t\t\t\t<div class=\"elementor-widget-container\">\n\t\t\t\t\t\t\t\t\t\t\t\t<figure class=\"wp-caption\">\n\t\t\t\t\t\t\t\t\t\t<img decoding=\"async\" width=\"640\" height=\"407\" src=\"https:\/\/www.tsc.gob.hn\/wp-content\/uploads\/Acuerdo-TSC-Banasupro1.jpg\" class=\"attachment-large size-large wp-image-38382\" alt=\"Firma de Acuerdo entre Banasupro y TSC\" srcset=\"https:\/\/www.tsc.gob.hn\/wp-content\/uploads\/Acuerdo-TSC-Banasupro1.jpg 1500w, https:\/\/www.tsc.gob.hn\/wp-content\/uploads\/Acuerdo-TSC-Banasupro1-300x191.jpg 300w, https:\/\/www.tsc.gob.hn\/wp-content\/uploads\/Acuerdo-TSC-Banasupro1-768x488.jpg 768w\" sizes=\"(max-width: 640px) 100vw, 640px\" \/>\t\t\t\t\t\t\t\t\t\t\t<figcaption class=\"widget-image-caption wp-caption-text\">El TSC y Banasupro oficializaron un convenio de cooperaci\u00f3n para iniciar un proceso de\nfiscalizaci\u00f3n de la gesti\u00f3n administrativa y financiera de la entidad.<\/figcaption>\n\t\t\t\t\t\t\t\t\t\t<\/figure>\n\t\t\t\t\t\t\t\t\t<\/div>\n\t\t\t\t<\/div>\n\t\t\t\t\t<\/div>\n\t\t\t\t<\/div>\n\t\t<div class=\"elementor-element elementor-element-f058b3d e-flex e-con-boxed e-con e-parent\" data-id=\"f058b3d\" data-element_type=\"container\" data-e-type=\"container\">\n\t\t\t\t\t<div class=\"e-con-inner\">\n\t\t\t\t<div class=\"elementor-element elementor-element-48c2943 elementor-widget elementor-widget-text-editor\" data-id=\"48c2943\" data-element_type=\"widget\" data-e-type=\"widget\" data-widget_type=\"text-editor.default\">\n\t\t\t\t<div class=\"elementor-widget-container\">\n\t\t\t\t\t\t\t\t\t<p><strong>Tegucigalpa.<\/strong> El Tribunal Superior de Cuentas (TSC), y la Suplidora Nacional de Productos B\u00e1sicos (Banasupro), suscribieron hoy un Convenio de Cooperaci\u00f3n Interinstitucional, con el prop\u00f3sito de verificar la gesti\u00f3n de los \u00faltimos cinco a\u00f1os de la entidad gubernamental.<\/p><p>\u00a0<\/p><p>El Convenio fue firmado por el magistrado presidente del TSC, Ricardo Alfredo Montes N\u00e1jera y el gerente general de Banasupro, Aar\u00f3n Gerardo Rea\u00f1os Aguilera, en un acto oficial celebrado en el Sal\u00f3n del Pleno del ente contralor del Estado.<\/p><p>\u00a0<\/p><p>Seg\u00fan el acuerdo, el TSC practicar\u00e1 una Auditor\u00eda Financiera y de Cumplimiento Legal en Banasupro con el fin de verificar la gesti\u00f3n administrativa y financiera de los fondos manejados durante el per\u00edodo comprendido del 01 de julio de 2021 al 26 de enero de 2026.<\/p><p>\u00a0<\/p><p>Al respecto, el TSC conformar\u00e1 una comisi\u00f3n multidisciplinaria de auditor\u00eda para realizar su labor, la cual estar\u00e1 conformada por un supervisor, jefe de equipo y auditores.<\/p><p>\u00a0<\/p><p>Como resultado de la Auditor\u00eda Financiera y de Cumplimiento Legal el TSC presentar\u00e1 un informe que ser\u00e1 del conocimiento de las m\u00e1ximas autoridades de Banasupro, el cual contendr\u00e1 comentarios, conclusiones, deficiencias contables, financieras y administrativas, si las hubiere.<\/p><p>\u00a0<\/p><p>Asimismo, se brindar\u00e1n recomendaciones, de obligatoria implementaci\u00f3n, con la finalidad que la entidad mejore su gesti\u00f3n.<\/p><p>\u00a0<\/p><p>Por su parte, Banasupro nombrar\u00e1 un enlace a fin de facilitar la labor del TSC, proporcionar un espacio f\u00edsico y log\u00edstica para el desempe\u00f1o del trabajo de la Comisi\u00f3n Auditora, entregar en tiempo y forma la informaci\u00f3n y documentaci\u00f3n requerida, entre otros compromisos.<\/p><p>\u00a0<\/p><p>El TSC reitera su firme compromiso de cumplir la delegaci\u00f3n constitucional de velar por el correcto uso y destino de los fondos p\u00fablicos, realizando auditor\u00eda e investigaciones especiales con objetividad, profesionalismo, con las garant\u00edas del debido proceso y a la normativa legal vigente.<\/p>\t\t\t\t\t\t\t\t<\/div>\n\t\t\t\t<\/div>\n\t\t\t\t\t<\/div>\n\t\t\t\t<\/div>\n\t\t\t\t<\/div>\n\t\t","protected":false},"excerpt":{"rendered":"<p>El magistrado presidente Ricardo Alfredo Montes N\u00e1jera y el gerente general de Banasupro, Aar\u00f3n Gerardo Rea\u00f1os Aguilera, durante la firma del convenio. El TSC y Banasupro oficializaron un convenio de cooperaci\u00f3n para iniciar un proceso de fiscalizaci\u00f3n de la gesti\u00f3n administrativa y financiera de la entidad. Tegucigalpa. El Tribunal Superior de Cuentas (TSC), y la [&hellip;]<\/p>\n","protected":false},"author":3,"featured_media":38380,"comment_status":"open","ping_status":"open","sticky":false,"template":"elementor_header_footer","format":"standard","meta":{"_uag_custom_page_level_css":"","_monsterinsights_skip_tracking":false,"_uf_show_specific_survey":0,"_uf_disable_surveys":false,"footnotes":""},"categories":[265],"tags":[],"class_list":["post-38379","post","type-post","status-publish","format-standard","has-post-thumbnail","hentry","category-noticia"],"aioseo_notices":[],"aioseo_head":"\n\t\t<!-- All in One SEO 5.0.1.1 - aioseo.com -->\n\t<meta name=\"description\" content=\"Tegucigalpa. El Tribunal Superior de Cuentas (TSC), y la Suplidora Nacional de Productos B\u00e1sicos (Banasupro), suscribieron hoy un Convenio de Cooperaci\u00f3n Interinstitucional, con el prop\u00f3sito de verificar la gesti\u00f3n de los \u00faltimos cinco a\u00f1os de la entidad gubernamental. El Convenio fue firmado por el magistrado presidente del TSC, Ricardo Alfredo Montes N\u00e1jera y el gerente general\" \/>\n\t<meta name=\"robots\" content=\"max-image-preview:large\" \/>\n\t<meta name=\"author\" content=\"Ever Bueso\"\/>\n\t<link rel=\"canonical\" href=\"https:\/\/www.tsc.gob.hn\/index.php\/2026\/08\/07\/tribunal-superior-de-cuentas-y-banasupro-oficializan-acuerdo-para-proceso-de-fiscalizacion\/\" \/>\n\t<meta name=\"generator\" content=\"All in One SEO (AIOSEO) 5.0.1.1\" \/>\n\t\t<meta property=\"og:locale\" content=\"es_ES\" \/>\n\t\t<meta property=\"og:site_name\" content=\"TSC - TSC\" \/>\n\t\t<meta property=\"og:type\" content=\"article\" \/>\n\t\t<meta property=\"og:title\" content=\"Tribunal Superior de Cuentas y Banasupro oficializan Acuerdo para proceso de Fiscalizaci\u00f3n - TSC\" \/>\n\t\t<meta property=\"og:description\" content=\"Tegucigalpa. El Tribunal Superior de Cuentas (TSC), y la Suplidora Nacional de Productos B\u00e1sicos (Banasupro), suscribieron hoy un Convenio de Cooperaci\u00f3n Interinstitucional, con el prop\u00f3sito de verificar la gesti\u00f3n de los \u00faltimos cinco a\u00f1os de la entidad gubernamental. El Convenio fue firmado por el magistrado presidente del TSC, Ricardo Alfredo Montes N\u00e1jera y el gerente general\" \/>\n\t\t<meta property=\"og:url\" content=\"https:\/\/www.tsc.gob.hn\/index.php\/2026\/08\/07\/tribunal-superior-de-cuentas-y-banasupro-oficializan-acuerdo-para-proceso-de-fiscalizacion\/\" \/>\n\t\t<meta property=\"og:image\" content=\"https:\/\/www.tsc.gob.hn\/wp-content\/uploads\/Tribunal-Superior-de-Cuentas-Logo.png\" \/>\n\t\t<meta property=\"og:image:secure_url\" content=\"https:\/\/www.tsc.gob.hn\/wp-content\/uploads\/Tribunal-Superior-de-Cuentas-Logo.png\" \/>\n\t\t<meta property=\"og:image:width\" content=\"282\" \/>\n\t\t<meta property=\"og:image:height\" content=\"250\" \/>\n\t\t<meta property=\"article:published_time\" content=\"2026-08-07T17:48:00+00:00\" \/>\n\t\t<meta property=\"article:modified_time\" content=\"2026-09-04T17:55:10+00:00\" \/>\n\t\t<meta property=\"article:publisher\" content=\"https:\/\/www.facebook.com\/tschonduras\" \/>\n\t\t<meta name=\"twitter:card\" content=\"summary_large_image\" \/>\n\t\t<meta name=\"twitter:site\" content=\"@TSCHonduras\" \/>\n\t\t<meta name=\"twitter:title\" content=\"Tribunal Superior de Cuentas y Banasupro oficializan Acuerdo para proceso de Fiscalizaci\u00f3n - TSC\" \/>\n\t\t<meta name=\"twitter:description\" content=\"Tegucigalpa. El Tribunal Superior de Cuentas (TSC), y la Suplidora Nacional de Productos B\u00e1sicos (Banasupro), suscribieron hoy un Convenio de Cooperaci\u00f3n Interinstitucional, con el prop\u00f3sito de verificar la gesti\u00f3n de los \u00faltimos cinco a\u00f1os de la entidad gubernamental. El Convenio fue firmado por el magistrado presidente del TSC, Ricardo Alfredo Montes N\u00e1jera y el gerente general\" \/>\n\t\t<meta name=\"twitter:creator\" content=\"@TSCHonduras\" \/>\n\t\t<meta name=\"twitter:image\" content=\"https:\/\/www.tsc.gob.hn\/wp-content\/uploads\/Tribunal-Superior-de-Cuentas-Logo.png\" \/>\n\t\t<script type=\"application\/ld+json\" class=\"aioseo-schema\">\n\t\t\t{\"@context\":\"https:\\\/\\\/schema.org\",\"@graph\":[{\"@type\":\"BlogPosting\",\"@id\":\"https:\\\/\\\/www.tsc.gob.hn\\\/index.php\\\/2026\\\/08\\\/07\\\/tribunal-superior-de-cuentas-y-banasupro-oficializan-acuerdo-para-proceso-de-fiscalizacion\\\/#blogposting\",\"name\":\"Tribunal Superior de Cuentas y Banasupro oficializan Acuerdo para proceso de Fiscalizaci\\u00f3n - TSC\",\"headline\":\"Tribunal Superior de Cuentas y Banasupro oficializan Acuerdo para proceso de Fiscalizaci\\u00f3n\",\"author\":{\"@id\":\"https:\\\/\\\/www.tsc.gob.hn\\\/index.php\\\/author\\\/tsc_web_adm\\\/#author\"},\"publisher\":{\"@id\":\"https:\\\/\\\/www.tsc.gob.hn\\\/#organization\"},\"image\":{\"@type\":\"ImageObject\",\"url\":\"https:\\\/\\\/www.tsc.gob.hn\\\/wp-content\\\/uploads\\\/Acuerdo-TSC-Banasupro3.jpg\",\"width\":1500,\"height\":953,\"caption\":\"El magistrado presidente Ricardo Alfredo Montes N\\u00e1jera y el gerente general de Banasupro,\\nAar\\u00f3n Gerardo Rea\\u00f1os Aguilera, durante la firma del convenio.\"},\"datePublished\":\"2026-08-07T11:48:00-06:00\",\"dateModified\":\"2026-09-04T11:55:10-06:00\",\"inLanguage\":\"es-ES\",\"mainEntityOfPage\":{\"@id\":\"https:\\\/\\\/www.tsc.gob.hn\\\/index.php\\\/2026\\\/08\\\/07\\\/tribunal-superior-de-cuentas-y-banasupro-oficializan-acuerdo-para-proceso-de-fiscalizacion\\\/#webpage\"},\"isPartOf\":{\"@id\":\"https:\\\/\\\/www.tsc.gob.hn\\\/index.php\\\/2026\\\/08\\\/07\\\/tribunal-superior-de-cuentas-y-banasupro-oficializan-acuerdo-para-proceso-de-fiscalizacion\\\/#webpage\"},\"articleSection\":\"Noticia\"},{\"@type\":\"BreadcrumbList\",\"@id\":\"https:\\\/\\\/www.tsc.gob.hn\\\/index.php\\\/2026\\\/08\\\/07\\\/tribunal-superior-de-cuentas-y-banasupro-oficializan-acuerdo-para-proceso-de-fiscalizacion\\\/#breadcrumblist\",\"itemListElement\":[{\"@type\":\"ListItem\",\"@id\":\"https:\\\/\\\/www.tsc.gob.hn#listItem\",\"position\":1,\"name\":\"Home\",\"item\":\"https:\\\/\\\/www.tsc.gob.hn\",\"nextItem\":{\"@type\":\"ListItem\",\"@id\":\"https:\\\/\\\/www.tsc.gob.hn\\\/index.php\\\/category\\\/noticia\\\/#listItem\",\"name\":\"Noticia\"}},{\"@type\":\"ListItem\",\"@id\":\"https:\\\/\\\/www.tsc.gob.hn\\\/index.php\\\/category\\\/noticia\\\/#listItem\",\"position\":2,\"name\":\"Noticia\",\"item\":\"https:\\\/\\\/www.tsc.gob.hn\\\/index.php\\\/category\\\/noticia\\\/\",\"nextItem\":{\"@type\":\"ListItem\",\"@id\":\"https:\\\/\\\/www.tsc.gob.hn\\\/index.php\\\/2026\\\/08\\\/07\\\/tribunal-superior-de-cuentas-y-banasupro-oficializan-acuerdo-para-proceso-de-fiscalizacion\\\/#listItem\",\"name\":\"Tribunal Superior de Cuentas y Banasupro oficializan Acuerdo para proceso de Fiscalizaci\\u00f3n\"},\"previousItem\":{\"@type\":\"ListItem\",\"@id\":\"https:\\\/\\\/www.tsc.gob.hn#listItem\",\"name\":\"Home\"}},{\"@type\":\"ListItem\",\"@id\":\"https:\\\/\\\/www.tsc.gob.hn\\\/index.php\\\/2026\\\/08\\\/07\\\/tribunal-superior-de-cuentas-y-banasupro-oficializan-acuerdo-para-proceso-de-fiscalizacion\\\/#listItem\",\"position\":3,\"name\":\"Tribunal Superior de Cuentas y Banasupro oficializan Acuerdo para proceso de Fiscalizaci\\u00f3n\",\"previousItem\":{\"@type\":\"ListItem\",\"@id\":\"https:\\\/\\\/www.tsc.gob.hn\\\/index.php\\\/category\\\/noticia\\\/#listItem\",\"name\":\"Noticia\"}}]},{\"@type\":\"Organization\",\"@id\":\"https:\\\/\\\/www.tsc.gob.hn\\\/#organization\",\"name\":\"TSC\",\"description\":\"TSC\",\"url\":\"https:\\\/\\\/www.tsc.gob.hn\\\/\",\"logo\":{\"@type\":\"ImageObject\",\"url\":\"https:\\\/\\\/www.tsc.gob.hn\\\/wp-content\\\/uploads\\\/Tribunal-Superior-de-Cuentas-Logo.png\",\"@id\":\"https:\\\/\\\/www.tsc.gob.hn\\\/index.php\\\/2026\\\/08\\\/07\\\/tribunal-superior-de-cuentas-y-banasupro-oficializan-acuerdo-para-proceso-de-fiscalizacion\\\/#organizationLogo\",\"width\":282,\"height\":250,\"caption\":\"Logo del Tribunal Superior de Cuentas (TSC)\"},\"image\":{\"@id\":\"https:\\\/\\\/www.tsc.gob.hn\\\/index.php\\\/2026\\\/08\\\/07\\\/tribunal-superior-de-cuentas-y-banasupro-oficializan-acuerdo-para-proceso-de-fiscalizacion\\\/#organizationLogo\"},\"sameAs\":[\"https:\\\/\\\/www.facebook.com\\\/tschonduras\",\"https:\\\/\\\/twitter.com\\\/TSCHonduras\",\"https:\\\/\\\/www.youtube.com\\\/channel\\\/UCtuC16XL4dMZ2t4LQC-c9BQ\"]},{\"@type\":\"Person\",\"@id\":\"https:\\\/\\\/www.tsc.gob.hn\\\/index.php\\\/author\\\/tsc_web_adm\\\/#author\",\"url\":\"https:\\\/\\\/www.tsc.gob.hn\\\/index.php\\\/author\\\/tsc_web_adm\\\/\",\"name\":\"Ever Bueso\",\"image\":{\"@type\":\"ImageObject\",\"@id\":\"https:\\\/\\\/www.tsc.gob.hn\\\/index.php\\\/2026\\\/08\\\/07\\\/tribunal-superior-de-cuentas-y-banasupro-oficializan-acuerdo-para-proceso-de-fiscalizacion\\\/#authorImage\",\"url\":\"https:\\\/\\\/secure.gravatar.com\\\/avatar\\\/7e5e847e014b673d861bd4eb3a40d72ca9c90271de18ee3c099c3118fd23aa70?s=96&d=mm&r=g\",\"width\":96,\"height\":96,\"caption\":\"Ever Bueso\"}},{\"@type\":\"WebPage\",\"@id\":\"https:\\\/\\\/www.tsc.gob.hn\\\/index.php\\\/2026\\\/08\\\/07\\\/tribunal-superior-de-cuentas-y-banasupro-oficializan-acuerdo-para-proceso-de-fiscalizacion\\\/#webpage\",\"url\":\"https:\\\/\\\/www.tsc.gob.hn\\\/index.php\\\/2026\\\/08\\\/07\\\/tribunal-superior-de-cuentas-y-banasupro-oficializan-acuerdo-para-proceso-de-fiscalizacion\\\/\",\"name\":\"Tribunal Superior de Cuentas y Banasupro oficializan Acuerdo para proceso de Fiscalizaci\\u00f3n - TSC\",\"description\":\"Tegucigalpa. El Tribunal Superior de Cuentas (TSC), y la Suplidora Nacional de Productos B\\u00e1sicos (Banasupro), suscribieron hoy un Convenio de Cooperaci\\u00f3n Interinstitucional, con el prop\\u00f3sito de verificar la gesti\\u00f3n de los \\u00faltimos cinco a\\u00f1os de la entidad gubernamental. El Convenio fue firmado por el magistrado presidente del TSC, Ricardo Alfredo Montes N\\u00e1jera y el gerente general\",\"inLanguage\":\"es-ES\",\"isPartOf\":{\"@id\":\"https:\\\/\\\/www.tsc.gob.hn\\\/#website\"},\"breadcrumb\":{\"@id\":\"https:\\\/\\\/www.tsc.gob.hn\\\/index.php\\\/2026\\\/08\\\/07\\\/tribunal-superior-de-cuentas-y-banasupro-oficializan-acuerdo-para-proceso-de-fiscalizacion\\\/#breadcrumblist\"},\"author\":{\"@id\":\"https:\\\/\\\/www.tsc.gob.hn\\\/index.php\\\/author\\\/tsc_web_adm\\\/#author\"},\"creator\":{\"@id\":\"https:\\\/\\\/www.tsc.gob.hn\\\/index.php\\\/author\\\/tsc_web_adm\\\/#author\"},\"image\":{\"@type\":\"ImageObject\",\"url\":\"https:\\\/\\\/www.tsc.gob.hn\\\/wp-content\\\/uploads\\\/Acuerdo-TSC-Banasupro3.jpg\",\"@id\":\"https:\\\/\\\/www.tsc.gob.hn\\\/index.php\\\/2026\\\/08\\\/07\\\/tribunal-superior-de-cuentas-y-banasupro-oficializan-acuerdo-para-proceso-de-fiscalizacion\\\/#mainImage\",\"width\":1500,\"height\":953,\"caption\":\"El magistrado presidente Ricardo Alfredo Montes N\\u00e1jera y el gerente general de Banasupro,\\nAar\\u00f3n Gerardo Rea\\u00f1os Aguilera, durante la firma del convenio.\"},\"primaryImageOfPage\":{\"@id\":\"https:\\\/\\\/www.tsc.gob.hn\\\/index.php\\\/2026\\\/08\\\/07\\\/tribunal-superior-de-cuentas-y-banasupro-oficializan-acuerdo-para-proceso-de-fiscalizacion\\\/#mainImage\"},\"datePublished\":\"2026-08-07T11:48:00-06:00\",\"dateModified\":\"2026-09-04T11:55:10-06:00\"},{\"@type\":\"WebSite\",\"@id\":\"https:\\\/\\\/www.tsc.gob.hn\\\/#website\",\"url\":\"https:\\\/\\\/www.tsc.gob.hn\\\/\",\"name\":\"TSC\",\"description\":\"TSC\",\"inLanguage\":\"es-ES\",\"publisher\":{\"@id\":\"https:\\\/\\\/www.tsc.gob.hn\\\/#organization\"}}]}\n\t\t<\/script>\n\t\t<!-- All in One SEO -->\n\n","aioseo_head_json":{"title":"Tribunal Superior de Cuentas y Banasupro oficializan Acuerdo para proceso de Fiscalizaci\u00f3n - TSC","description":"Tegucigalpa. El Tribunal Superior de Cuentas (TSC), y la Suplidora Nacional de Productos B\u00e1sicos (Banasupro), suscribieron hoy un Convenio de Cooperaci\u00f3n Interinstitucional, con el prop\u00f3sito de verificar la gesti\u00f3n de los \u00faltimos cinco a\u00f1os de la entidad gubernamental. El Convenio fue firmado por el magistrado presidente del TSC, Ricardo Alfredo Montes N\u00e1jera y el gerente general","canonical_url":"https:\/\/www.tsc.gob.hn\/index.php\/2026\/08\/07\/tribunal-superior-de-cuentas-y-banasupro-oficializan-acuerdo-para-proceso-de-fiscalizacion\/","robots":"max-image-preview:large","keywords":"","webmasterTools":{"miscellaneous":""},"schema":{"@context":"https:\/\/schema.org","@graph":[{"@type":"BlogPosting","@id":"https:\/\/www.tsc.gob.hn\/index.php\/2026\/08\/07\/tribunal-superior-de-cuentas-y-banasupro-oficializan-acuerdo-para-proceso-de-fiscalizacion\/#blogposting","name":"Tribunal Superior de Cuentas y Banasupro oficializan Acuerdo para proceso de Fiscalizaci\u00f3n - TSC","headline":"Tribunal Superior de Cuentas y Banasupro oficializan Acuerdo para proceso de Fiscalizaci\u00f3n","author":{"@id":"https:\/\/www.tsc.gob.hn\/index.php\/author\/tsc_web_adm\/#author"},"publisher":{"@id":"https:\/\/www.tsc.gob.hn\/#organization"},"image":{"@type":"ImageObject","url":"https:\/\/www.tsc.gob.hn\/wp-content\/uploads\/Acuerdo-TSC-Banasupro3.jpg","width":1500,"height":953,"caption":"El magistrado presidente Ricardo Alfredo Montes N\u00e1jera y el gerente general de Banasupro,\nAar\u00f3n Gerardo Rea\u00f1os Aguilera, durante la firma del convenio."},"datePublished":"2026-08-07T11:48:00-06:00","dateModified":"2026-09-04T11:55:10-06:00","inLanguage":"es-ES","mainEntityOfPage":{"@id":"https:\/\/www.tsc.gob.hn\/index.php\/2026\/08\/07\/tribunal-superior-de-cuentas-y-banasupro-oficializan-acuerdo-para-proceso-de-fiscalizacion\/#webpage"},"isPartOf":{"@id":"https:\/\/www.tsc.gob.hn\/index.php\/2026\/08\/07\/tribunal-superior-de-cuentas-y-banasupro-oficializan-acuerdo-para-proceso-de-fiscalizacion\/#webpage"},"articleSection":"Noticia"},{"@type":"BreadcrumbList","@id":"https:\/\/www.tsc.gob.hn\/index.php\/2026\/08\/07\/tribunal-superior-de-cuentas-y-banasupro-oficializan-acuerdo-para-proceso-de-fiscalizacion\/#breadcrumblist","itemListElement":[{"@type":"ListItem","@id":"https:\/\/www.tsc.gob.hn#listItem","position":1,"name":"Home","item":"https:\/\/www.tsc.gob.hn","nextItem":{"@type":"ListItem","@id":"https:\/\/www.tsc.gob.hn\/index.php\/category\/noticia\/#listItem","name":"Noticia"}},{"@type":"ListItem","@id":"https:\/\/www.tsc.gob.hn\/index.php\/category\/noticia\/#listItem","position":2,"name":"Noticia","item":"https:\/\/www.tsc.gob.hn\/index.php\/category\/noticia\/","nextItem":{"@type":"ListItem","@id":"https:\/\/www.tsc.gob.hn\/index.php\/2026\/08\/07\/tribunal-superior-de-cuentas-y-banasupro-oficializan-acuerdo-para-proceso-de-fiscalizacion\/#listItem","name":"Tribunal Superior de Cuentas y Banasupro oficializan Acuerdo para proceso de Fiscalizaci\u00f3n"},"previousItem":{"@type":"ListItem","@id":"https:\/\/www.tsc.gob.hn#listItem","name":"Home"}},{"@type":"ListItem","@id":"https:\/\/www.tsc.gob.hn\/index.php\/2026\/08\/07\/tribunal-superior-de-cuentas-y-banasupro-oficializan-acuerdo-para-proceso-de-fiscalizacion\/#listItem","position":3,"name":"Tribunal Superior de Cuentas y Banasupro oficializan Acuerdo para proceso de Fiscalizaci\u00f3n","previousItem":{"@type":"ListItem","@id":"https:\/\/www.tsc.gob.hn\/index.php\/category\/noticia\/#listItem","name":"Noticia"}}]},{"@type":"Organization","@id":"https:\/\/www.tsc.gob.hn\/#organization","name":"TSC","description":"TSC","url":"https:\/\/www.tsc.gob.hn\/","logo":{"@type":"ImageObject","url":"https:\/\/www.tsc.gob.hn\/wp-content\/uploads\/Tribunal-Superior-de-Cuentas-Logo.png","@id":"https:\/\/www.tsc.gob.hn\/index.php\/2026\/08\/07\/tribunal-superior-de-cuentas-y-banasupro-oficializan-acuerdo-para-proceso-de-fiscalizacion\/#organizationLogo","width":282,"height":250,"caption":"Logo del Tribunal Superior de Cuentas (TSC)"},"image":{"@id":"https:\/\/www.tsc.gob.hn\/index.php\/2026\/08\/07\/tribunal-superior-de-cuentas-y-banasupro-oficializan-acuerdo-para-proceso-de-fiscalizacion\/#organizationLogo"},"sameAs":["https:\/\/www.facebook.com\/tschonduras","https:\/\/twitter.com\/TSCHonduras","https:\/\/www.youtube.com\/channel\/UCtuC16XL4dMZ2t4LQC-c9BQ"]},{"@type":"Person","@id":"https:\/\/www.tsc.gob.hn\/index.php\/author\/tsc_web_adm\/#author","url":"https:\/\/www.tsc.gob.hn\/index.php\/author\/tsc_web_adm\/","name":"Ever Bueso","image":{"@type":"ImageObject","@id":"https:\/\/www.tsc.gob.hn\/index.php\/2026\/08\/07\/tribunal-superior-de-cuentas-y-banasupro-oficializan-acuerdo-para-proceso-de-fiscalizacion\/#authorImage","url":"https:\/\/secure.gravatar.com\/avatar\/7e5e847e014b673d861bd4eb3a40d72ca9c90271de18ee3c099c3118fd23aa70?s=96&d=mm&r=g","width":96,"height":96,"caption":"Ever Bueso"}},{"@type":"WebPage","@id":"https:\/\/www.tsc.gob.hn\/index.php\/2026\/08\/07\/tribunal-superior-de-cuentas-y-banasupro-oficializan-acuerdo-para-proceso-de-fiscalizacion\/#webpage","url":"https:\/\/www.tsc.gob.hn\/index.php\/2026\/08\/07\/tribunal-superior-de-cuentas-y-banasupro-oficializan-acuerdo-para-proceso-de-fiscalizacion\/","name":"Tribunal Superior de Cuentas y Banasupro oficializan Acuerdo para proceso de Fiscalizaci\u00f3n - TSC","description":"Tegucigalpa. El Tribunal Superior de Cuentas (TSC), y la Suplidora Nacional de Productos B\u00e1sicos (Banasupro), suscribieron hoy un Convenio de Cooperaci\u00f3n Interinstitucional, con el prop\u00f3sito de verificar la gesti\u00f3n de los \u00faltimos cinco a\u00f1os de la entidad gubernamental. El Convenio fue firmado por el magistrado presidente del TSC, Ricardo Alfredo Montes N\u00e1jera y el gerente general","inLanguage":"es-ES","isPartOf":{"@id":"https:\/\/www.tsc.gob.hn\/#website"},"breadcrumb":{"@id":"https:\/\/www.tsc.gob.hn\/index.php\/2026\/08\/07\/tribunal-superior-de-cuentas-y-banasupro-oficializan-acuerdo-para-proceso-de-fiscalizacion\/#breadcrumblist"},"author":{"@id":"https:\/\/www.tsc.gob.hn\/index.php\/author\/tsc_web_adm\/#author"},"creator":{"@id":"https:\/\/www.tsc.gob.hn\/index.php\/author\/tsc_web_adm\/#author"},"image":{"@type":"ImageObject","url":"https:\/\/www.tsc.gob.hn\/wp-content\/uploads\/Acuerdo-TSC-Banasupro3.jpg","@id":"https:\/\/www.tsc.gob.hn\/index.php\/2026\/08\/07\/tribunal-superior-de-cuentas-y-banasupro-oficializan-acuerdo-para-proceso-de-fiscalizacion\/#mainImage","width":1500,"height":953,"caption":"El magistrado presidente Ricardo Alfredo Montes N\u00e1jera y el gerente general de Banasupro,\nAar\u00f3n Gerardo Rea\u00f1os Aguilera, durante la firma del convenio."},"primaryImageOfPage":{"@id":"https:\/\/www.tsc.gob.hn\/index.php\/2026\/08\/07\/tribunal-superior-de-cuentas-y-banasupro-oficializan-acuerdo-para-proceso-de-fiscalizacion\/#mainImage"},"datePublished":"2026-08-07T11:48:00-06:00","dateModified":"2026-09-04T11:55:10-06:00"},{"@type":"WebSite","@id":"https:\/\/www.tsc.gob.hn\/#website","url":"https:\/\/www.tsc.gob.hn\/","name":"TSC","description":"TSC","inLanguage":"es-ES","publisher":{"@id":"https:\/\/www.tsc.gob.hn\/#organization"}}]},"og:locale":"es_ES","og:site_name":"TSC - TSC","og:type":"article","og:title":"Tribunal Superior de Cuentas y Banasupro oficializan Acuerdo para proceso de Fiscalizaci\u00f3n - TSC","og:description":"Tegucigalpa. El Tribunal Superior de Cuentas (TSC), y la Suplidora Nacional de Productos B\u00e1sicos (Banasupro), suscribieron hoy un Convenio de Cooperaci\u00f3n Interinstitucional, con el prop\u00f3sito de verificar la gesti\u00f3n de los \u00faltimos cinco a\u00f1os de la entidad gubernamental. El Convenio fue firmado por el magistrado presidente del TSC, Ricardo Alfredo Montes N\u00e1jera y el gerente general","og:url":"https:\/\/www.tsc.gob.hn\/index.php\/2026\/08\/07\/tribunal-superior-de-cuentas-y-banasupro-oficializan-acuerdo-para-proceso-de-fiscalizacion\/","og:image":"https:\/\/www.tsc.gob.hn\/wp-content\/uploads\/Tribunal-Superior-de-Cuentas-Logo.png","og:image:secure_url":"https:\/\/www.tsc.gob.hn\/wp-content\/uploads\/Tribunal-Superior-de-Cuentas-Logo.png","og:image:width":282,"og:image:height":250,"article:published_time":"2026-08-07T17:48:00+00:00","article:modified_time":"2026-09-04T17:55:10+00:00","article:publisher":"https:\/\/www.facebook.com\/tschonduras","twitter:card":"summary_large_image","twitter:site":"@TSCHonduras","twitter:title":"Tribunal Superior de Cuentas y Banasupro oficializan Acuerdo para proceso de Fiscalizaci\u00f3n - TSC","twitter:description":"Tegucigalpa. El Tribunal Superior de Cuentas (TSC), y la Suplidora Nacional de Productos B\u00e1sicos (Banasupro), suscribieron hoy un Convenio de Cooperaci\u00f3n Interinstitucional, con el prop\u00f3sito de verificar la gesti\u00f3n de los \u00faltimos cinco a\u00f1os de la entidad gubernamental. El Convenio fue firmado por el magistrado presidente del TSC, Ricardo Alfredo Montes N\u00e1jera y el gerente general","twitter:creator":"@TSCHonduras","twitter:image":"https:\/\/www.tsc.gob.hn\/wp-content\/uploads\/Tribunal-Superior-de-Cuentas-Logo.png"},"aioseo_meta_data":{"post_id":"38379","title":null,"description":null,"keywords":null,"keyphrases":{"focus":[],"additional":[]},"primary_term":null,"canonical_url":null,"og_title":null,"og_description":null,"og_object_type":"default","og_image_type":"default","og_image_url":null,"og_image_width":null,"og_image_height":null,"og_image_custom_url":null,"og_image_custom_fields":null,"og_video":"","og_custom_url":null,"og_article_section":null,"og_article_tags":null,"twitter_use_og":false,"twitter_card":"default","twitter_image_type":"default","twitter_image_url":null,"twitter_image_custom_url":null,"twitter_image_custom_fields":null,"twitter_title":null,"twitter_description":null,"schema":{"blockGraphs":[],"customGraphs":[],"default":{"data":{"Article":[],"Course":[],"Dataset":[],"FAQPage":[],"Movie":[],"Person":[],"Product":[],"ProductReview":[],"Car":[],"Recipe":[],"Service":[],"SoftwareApplication":[],"WebPage":[]},"graphName":"BlogPosting","isEnabled":true},"graphs":[]},"schema_type":"default","schema_type_options":null,"pillar_content":false,"robots_default":true,"robots_noindex":false,"robots_noarchive":false,"robots_nosnippet":false,"robots_nofollow":false,"robots_noimageindex":false,"robots_noodp":false,"robots_notranslate":false,"robots_max_snippet":"-1","robots_max_videopreview":"-1","robots_max_imagepreview":"large","priority":null,"frequency":"default","local_seo":null,"breadcrumb_settings":null,"limit_modified_date":false,"ai":{"faqs":[],"keyPoints":[],"schemas":[],"titles":[],"descriptions":[],"socialPosts":{"email":{"subject":"","preview":"","content":""},"linkedin":[],"twitter":[],"facebook":[],"instagram":[]}},"created":"2026-09-04 17:52:43","updated":"2026-09-04 21:13:35","seo_analyzer_scan_date":null,"focus_keyword":null,"additional_keywords":null,"truseo_locale":null},"aioseo_breadcrumb":"<div class=\"aioseo-breadcrumbs\"><span class=\"aioseo-breadcrumb\">\n\t\t\t<a href=\"https:\/\/www.tsc.gob.hn\" title=\"Home\">Home<\/a>\n\t\t<\/span><span class=\"aioseo-breadcrumb-separator\">&raquo;<\/span><span class=\"aioseo-breadcrumb\">\n\t\t\t<a href=\"https:\/\/www.tsc.gob.hn\/index.php\/category\/noticia\/\" title=\"Noticia\">Noticia<\/a>\n\t\t<\/span><span class=\"aioseo-breadcrumb-separator\">&raquo;<\/span><span class=\"aioseo-breadcrumb\">\n\t\t\tTribunal Superior de Cuentas y Banasupro oficializan Acuerdo para proceso de Fiscalizaci\u00f3n\n\t\t<\/span><\/div>","aioseo_breadcrumb_json":[{"label":"Home","link":"https:\/\/www.tsc.gob.hn"},{"label":"Noticia","link":"https:\/\/www.tsc.gob.hn\/index.php\/category\/noticia\/"},{"label":"Tribunal Superior de Cuentas y Banasupro oficializan Acuerdo para proceso de Fiscalizaci\u00f3n","link":"https:\/\/www.tsc.gob.hn\/index.php\/2026\/08\/07\/tribunal-superior-de-cuentas-y-banasupro-oficializan-acuerdo-para-proceso-de-fiscalizacion\/"}],"uagb_featured_image_src":{"full":["https:\/\/www.tsc.gob.hn\/wp-content\/uploads\/Acuerdo-TSC-Banasupro3.jpg",1500,953,false],"thumbnail":["https:\/\/www.tsc.gob.hn\/wp-content\/uploads\/Acuerdo-TSC-Banasupro3-150x150.jpg",150,150,true],"medium":["https:\/\/www.tsc.gob.hn\/wp-content\/uploads\/Acuerdo-TSC-Banasupro3-300x191.jpg",300,191,true],"medium_large":["https:\/\/www.tsc.gob.hn\/wp-content\/uploads\/Acuerdo-TSC-Banasupro3-768x488.jpg",640,407,true],"large":["https:\/\/www.tsc.gob.hn\/wp-content\/uploads\/Acuerdo-TSC-Banasupro3.jpg",640,407,false],"1536x1536":["https:\/\/www.tsc.gob.hn\/wp-content\/uploads\/Acuerdo-TSC-Banasupro3.jpg",1500,953,false],"2048x2048":["https:\/\/www.tsc.gob.hn\/wp-content\/uploads\/Acuerdo-TSC-Banasupro3.jpg",1500,953,false],"govity_blog_370X304":["https:\/\/www.tsc.gob.hn\/wp-content\/uploads\/Acuerdo-TSC-Banasupro3-370x304.jpg",370,304,true],"govity_blog_200X283":["https:\/\/www.tsc.gob.hn\/wp-content\/uploads\/Acuerdo-TSC-Banasupro3-200x283.jpg",200,283,true],"govity_blog_770X428":["https:\/\/www.tsc.gob.hn\/wp-content\/uploads\/Acuerdo-TSC-Banasupro3-770x428.jpg",770,428,true],"govity_brand_logo_202X102":["https:\/\/www.tsc.gob.hn\/wp-content\/uploads\/Acuerdo-TSC-Banasupro3-202x102.jpg",202,102,true],"govity_brand_woo_270X308":["https:\/\/www.tsc.gob.hn\/wp-content\/uploads\/Acuerdo-TSC-Banasupro3-270x308.jpg",270,308,true],"govity_brand_70X70":["https:\/\/www.tsc.gob.hn\/wp-content\/uploads\/Acuerdo-TSC-Banasupro3-70x70.jpg",70,70,true],"psacp-medium":["https:\/\/www.tsc.gob.hn\/wp-content\/uploads\/Acuerdo-TSC-Banasupro3-500x500.jpg",500,500,true]},"uagb_author_info":{"display_name":"Ever Bueso","author_link":"https:\/\/www.tsc.gob.hn\/index.php\/author\/tsc_web_adm\/"},"uagb_comment_info":0,"uagb_excerpt":"El magistrado presidente Ricardo Alfredo Montes N\u00e1jera y el gerente general de Banasupro, Aar\u00f3n Gerardo Rea\u00f1os Aguilera, durante la firma del convenio. El TSC y Banasupro oficializaron un convenio de cooperaci\u00f3n para iniciar un proceso de fiscalizaci\u00f3n de la gesti\u00f3n administrativa y financiera de la entidad. Tegucigalpa. El Tribunal Superior de Cuentas (TSC), y la&hellip;","_links":{"self":[{"href":"https:\/\/www.tsc.gob.hn\/index.php\/wp-json\/wp\/v2\/posts\/38379","targetHints":{"allow":["GET"]}}],"collection":[{"href":"https:\/\/www.tsc.gob.hn\/index.php\/wp-json\/wp\/v2\/posts"}],"about":[{"href":"https:\/\/www.tsc.gob.hn\/index.php\/wp-json\/wp\/v2\/types\/post"}],"author":[{"embeddable":true,"href":"https:\/\/www.tsc.gob.hn\/index.php\/wp-json\/wp\/v2\/users\/3"}],"replies":[{"embeddable":true,"href":"https:\/\/www.tsc.gob.hn\/index.php\/wp-json\/wp\/v2\/comments?post=38379"}],"version-history":[{"count":4,"href":"https:\/\/www.tsc.gob.hn\/index.php\/wp-json\/wp\/v2\/posts\/38379\/revisions"}],"predecessor-version":[{"id":38385,"href":"https:\/\/www.tsc.gob.hn\/index.php\/wp-json\/wp\/v2\/posts\/38379\/revisions\/38385"}],"wp:featuredmedia":[{"embeddable":true,"href":"https:\/\/www.tsc.gob.hn\/index.php\/wp-json\/wp\/v2\/media\/38380"}],"wp:attachment":[{"href":"https:\/\/www.tsc.gob.hn\/index.php\/wp-json\/wp\/v2\/media?parent=38379"}],"wp:term":[{"taxonomy":"category","embeddable":true,"href":"https:\/\/www.tsc.gob.hn\/index.php\/wp-json\/wp\/v2\/categories?post=38379"},{"taxonomy":"post_tag","embeddable":true,"href":"https:\/\/www.tsc.gob.hn\/index.php\/wp-json\/wp\/v2\/tags?post=38379"}],"curies":[{"name":"wp","href":"https:\/\/api.w.org\/{rel}","templated":true}]}}