{"id":35707,"date":"2024-09-01T14:02:00","date_gmt":"2024-09-01T20:02:00","guid":{"rendered":"https:\/\/www.tsc.gob.hn\/?p=35707"},"modified":"2024-10-08T14:05:14","modified_gmt":"2024-10-08T20:05:14","slug":"en-acto-solemne-el-tsc-rindio-tributo-a-la-bandera-nacional-en-su-dia","status":"publish","type":"post","link":"https:\/\/www.tsc.gob.hn\/index.php\/2024\/09\/01\/en-acto-solemne-el-tsc-rindio-tributo-a-la-bandera-nacional-en-su-dia\/","title":{"rendered":"En Acto Solemne el TSC rindi\u00f3 Tributo a la Bandera Nacional en su d\u00eda"},"content":{"rendered":"\t\t<div data-elementor-type=\"wp-post\" data-elementor-id=\"35707\" class=\"elementor elementor-35707\">\n\t\t\t\t<div class=\"elementor-element elementor-element-87d5a10 e-flex e-con-boxed e-con e-parent\" data-id=\"87d5a10\" data-element_type=\"container\" data-e-type=\"container\">\n\t\t\t\t\t<div class=\"e-con-inner\">\n\t\t\t\t<div class=\"elementor-element elementor-element-ef062c0 elementor-widget elementor-widget-image\" data-id=\"ef062c0\" data-element_type=\"widget\" data-e-type=\"widget\" data-widget_type=\"image.default\">\n\t\t\t\t<div class=\"elementor-widget-container\">\n\t\t\t\t\t\t\t\t\t\t\t\t<figure class=\"wp-caption\">\n\t\t\t\t\t\t\t\t\t\t<img fetchpriority=\"high\" decoding=\"async\" width=\"2100\" height=\"1182\" src=\"https:\/\/www.tsc.gob.hn\/wp-content\/uploads\/Dia_bandera-1-1.jpg\" class=\"attachment-full size-full wp-image-35710\" alt=\"D\u00eda de la Bandera 2024\" srcset=\"https:\/\/www.tsc.gob.hn\/wp-content\/uploads\/Dia_bandera-1-1.jpg 2100w, https:\/\/www.tsc.gob.hn\/wp-content\/uploads\/Dia_bandera-1-1-300x169.jpg 300w, https:\/\/www.tsc.gob.hn\/wp-content\/uploads\/Dia_bandera-1-1-768x432.jpg 768w, https:\/\/www.tsc.gob.hn\/wp-content\/uploads\/Dia_bandera-1-1-1536x865.jpg 1536w, https:\/\/www.tsc.gob.hn\/wp-content\/uploads\/Dia_bandera-1-1-2048x1153.jpg 2048w\" sizes=\"(max-width: 2100px) 100vw, 2100px\" \/>\t\t\t\t\t\t\t\t\t\t\t<figcaption class=\"widget-image-caption wp-caption-text\">El magistrado Jorge Gustavo Medina Rodr\u00edguez encabeza la ceremonia de izamiento de la Bandera Nacional en conmemoraci\u00f3n del 203 Aniversario de Independencia Patria.<\/figcaption>\n\t\t\t\t\t\t\t\t\t\t<\/figure>\n\t\t\t\t\t\t\t\t\t<\/div>\n\t\t\t\t<\/div>\n\t\t\t\t\t<\/div>\n\t\t\t\t<\/div>\n\t\t<div class=\"elementor-element elementor-element-879116d e-flex e-con-boxed e-con e-parent\" data-id=\"879116d\" data-element_type=\"container\" data-e-type=\"container\">\n\t\t\t\t\t<div class=\"e-con-inner\">\n\t\t\t\t<div class=\"elementor-element elementor-element-7cf160c elementor-widget elementor-widget-text-editor\" data-id=\"7cf160c\" data-element_type=\"widget\" data-e-type=\"widget\" data-widget_type=\"text-editor.default\">\n\t\t\t\t<div class=\"elementor-widget-container\">\n\t\t\t\t\t\t\t\t\t<p><strong>Tegucigalpa.<\/strong> En un acto solemne realizado en su sede principal, el Tribunal Superior de Cuentas (TSC) efectu\u00f3 un homenaje a la Bandera Nacional, en conmemoraci\u00f3n de su D\u00eda y en el marco del 203 Aniversario de la Independencia Patria.<\/p><p>\u00a0<\/p><p>La ceremonia que fue encabezada por el magistrado Jorge Gustavo Medina Rodr\u00edguez, presidente por ley, el magistrado Ricardo Alfredo Montes N\u00e1jera, con la presencia de Gerentes, Asesores, Directores, Jefes y dem\u00e1s funcionarios y empleados del ente contralor del Estado.<\/p><p>\u00a0<\/p><p>La magistrada presidenta Itzel Ana\u00ed Palacios Siwady se encontraba fuera del pa\u00eds cumpliendo funciones de Estado.<\/p><p>\u00a0<\/p><p>La secretaria general del TSC, Lenni Aida Ordo\u00f1ez Ortiz, fue la encargada de dar lectura al Decreto No. 84-95, que institucionaliz\u00f3 el uno de septiembre como D\u00eda de la Bandera Nacional de Honduras.<\/p><p>\u00a0<\/p><p>Los cadetes de la Academia Militar General Francisco Moraz\u00e1n, como en otros a\u00f1os, fueron los encargados del izamiento de nuestro Pabell\u00f3n Nacional, participaci\u00f3n que dio la solemnidad y reverencia del caso, al aniversario de nuestro S\u00edmbolo Nacional.<\/p><p>\u00a0<\/p><p>\u201cComo fieles servidores de Nuestra Amada Honduras, nos unimos en este uno de septiembre a la celebraci\u00f3n del D\u00eda de la Bandera Nacional, uno de los s\u00edmbolos m\u00e1s representativos del pa\u00eds, el que nos despierta el arraigado sentimiento de civismo\u201d, expres\u00f3 el magistrado Medina.\u00a0<\/p><p>\u00a0<\/p><p>En su alocuci\u00f3n exhort\u00f3 a los funcionarios y empleados de la Instituci\u00f3n a celebrar con amor patrio, valores y civismo el 203 Aniversario de Independencia.<\/p><p>\u00a0<\/p><p>\u201cEstamos plenamente convencidos que la transformaci\u00f3n verdadera de Honduras solo puede ser posible mediante el reforzamiento de las bases de la honestidad, transparencia y eficiencia. En ello enfoca nuestra gesti\u00f3n, sustentado en el establecimiento de controles en la administraci\u00f3n p\u00fablica, la cultura de rendici\u00f3n de cuentas, del correcto manejo de los recursos p\u00fabicos y apegados a la probidad y la \u00e9tica\u201d, agreg\u00f3.<\/p><p>\u00a0<\/p><p>\u201cEn el mes dedicado a la Patria les invito a renovar nuestro compromiso de cumplir sin reserva la tarea de vigilar el correcto uso de los bienes y recursos del Estado, a enorgullecerla con nuestras actuaciones profesionales y personales. Porque nadie puede hacer m\u00e1s grande a Honduras que sus propios hijos e hijas\u201d, subray\u00f3.<\/p>\t\t\t\t\t\t\t\t<\/div>\n\t\t\t\t<\/div>\n\t\t\t\t\t<\/div>\n\t\t\t\t<\/div>\n\t\t<div class=\"elementor-element elementor-element-779c442 e-flex e-con-boxed e-con e-parent\" data-id=\"779c442\" data-element_type=\"container\" data-e-type=\"container\">\n\t\t\t\t\t<div class=\"e-con-inner\">\n\t\t\t\t<div class=\"elementor-element elementor-element-49e7877 elementor-widget elementor-widget-image\" data-id=\"49e7877\" data-element_type=\"widget\" data-e-type=\"widget\" data-widget_type=\"image.default\">\n\t\t\t\t<div class=\"elementor-widget-container\">\n\t\t\t\t\t\t\t\t\t\t\t\t<figure class=\"wp-caption\">\n\t\t\t\t\t\t\t\t\t\t<img decoding=\"async\" width=\"2500\" height=\"963\" src=\"https:\/\/www.tsc.gob.hn\/wp-content\/uploads\/Dia_bandera-2.jpg\" class=\"attachment-full size-full wp-image-35711\" alt=\"\" srcset=\"https:\/\/www.tsc.gob.hn\/wp-content\/uploads\/Dia_bandera-2.jpg 2500w, https:\/\/www.tsc.gob.hn\/wp-content\/uploads\/Dia_bandera-2-300x116.jpg 300w, https:\/\/www.tsc.gob.hn\/wp-content\/uploads\/Dia_bandera-2-768x296.jpg 768w, https:\/\/www.tsc.gob.hn\/wp-content\/uploads\/Dia_bandera-2-1536x592.jpg 1536w, https:\/\/www.tsc.gob.hn\/wp-content\/uploads\/Dia_bandera-2-2048x789.jpg 2048w\" sizes=\"(max-width: 2500px) 100vw, 2500px\" \/>\t\t\t\t\t\t\t\t\t\t\t<figcaption class=\"widget-image-caption wp-caption-text\">El magistrado Jorge Gustavo Medina Rodr\u00edguez se dirige al personal del TSC, inst\u00e1ndolos a celebrar con patriotismo y compromiso el 203 Aniversario de la Independencia, durante la ceremonia en honor a la Bandera Nacional.<\/figcaption>\n\t\t\t\t\t\t\t\t\t\t<\/figure>\n\t\t\t\t\t\t\t\t\t<\/div>\n\t\t\t\t<\/div>\n\t\t\t\t\t<\/div>\n\t\t\t\t<\/div>\n\t\t<div class=\"elementor-element elementor-element-f973043 e-flex e-con-boxed e-con e-parent\" data-id=\"f973043\" data-element_type=\"container\" data-e-type=\"container\">\n\t\t\t\t\t<div class=\"e-con-inner\">\n\t\t\t\t<div class=\"elementor-element elementor-element-9c861a8 elementor-widget elementor-widget-text-editor\" data-id=\"9c861a8\" data-element_type=\"widget\" data-e-type=\"widget\" data-widget_type=\"text-editor.default\">\n\t\t\t\t<div class=\"elementor-widget-container\">\n\t\t\t\t\t\t\t\t\t<p>La representaci\u00f3n del Comit\u00e9 de \u00c9tica del TSC fue part\u00edcipe de la ceremonia, ofreciendo un mensaje alusivo a la ocasi\u00f3n con un alto grado de fervor y patriotismo.<\/p><p>\u00a0<\/p><p><strong>Azul turquesa<\/strong><\/p><p>El 18 de enero de 1949, al inicio del gobierno de Juan Manuel G\u00e1lvez, el Congreso Nacional emiti\u00f3 el Decreto 29-49 mediante el cual reforma el Decreto Legislativo No. 7 del 16 de febrero de 1866, que crea la Bandera Nacional.<\/p><p>\u00a0<\/p><p>Dicho Decreto cita: \u201cLa Bandera Nacional de Honduras constar\u00e1 de tres franjas iguales y horizontales, la superior y la inferior de color azul turquesa, la del centro blanca y llevar\u00e1 cinco estrellas de cinco \u00e1ngulos salientes del mismo color azul, formando con cuatro de ellas un cuadril\u00e1tero paralelo a las franjas, siendo colocada la restante al centro del mismo cuadril\u00e1tero. El ancho del conjunto de las tres franjas deber\u00e1 ser contenido dos veces en la longitud\u201d.<\/p>\t\t\t\t\t\t\t\t<\/div>\n\t\t\t\t<\/div>\n\t\t\t\t\t<\/div>\n\t\t\t\t<\/div>\n\t\t\t\t<\/div>\n\t\t","protected":false},"excerpt":{"rendered":"<p>El magistrado Jorge Gustavo Medina Rodr\u00edguez encabeza la ceremonia de izamiento de la Bandera Nacional en conmemoraci\u00f3n del 203 Aniversario de Independencia Patria. Tegucigalpa. En un acto solemne realizado en su sede principal, el Tribunal Superior de Cuentas (TSC) efectu\u00f3 un homenaje a la Bandera Nacional, en conmemoraci\u00f3n de su D\u00eda y en el marco [&hellip;]<\/p>\n","protected":false},"author":3,"featured_media":35708,"comment_status":"open","ping_status":"open","sticky":false,"template":"elementor_header_footer","format":"standard","meta":{"_uag_custom_page_level_css":"","_monsterinsights_skip_tracking":false,"_monsterinsights_sitenote_active":false,"_monsterinsights_sitenote_note":"","_monsterinsights_sitenote_category":0,"_uf_show_specific_survey":0,"_uf_disable_surveys":false,"footnotes":""},"categories":[265],"tags":[],"class_list":["post-35707","post","type-post","status-publish","format-standard","has-post-thumbnail","hentry","category-noticia"],"aioseo_notices":[],"uagb_featured_image_src":{"full":["https:\/\/www.tsc.gob.hn\/wp-content\/uploads\/Dia_bandera-1.jpg",2100,1182,false],"thumbnail":["https:\/\/www.tsc.gob.hn\/wp-content\/uploads\/Dia_bandera-1-150x150.jpg",150,150,true],"medium":["https:\/\/www.tsc.gob.hn\/wp-content\/uploads\/Dia_bandera-1-300x169.jpg",300,169,true],"medium_large":["https:\/\/www.tsc.gob.hn\/wp-content\/uploads\/Dia_bandera-1-768x432.jpg",640,360,true],"large":["https:\/\/www.tsc.gob.hn\/wp-content\/uploads\/Dia_bandera-1.jpg",640,360,false],"1536x1536":["https:\/\/www.tsc.gob.hn\/wp-content\/uploads\/Dia_bandera-1-1536x865.jpg",1536,865,true],"2048x2048":["https:\/\/www.tsc.gob.hn\/wp-content\/uploads\/Dia_bandera-1-2048x1153.jpg",2048,1153,true],"govity_blog_370X304":["https:\/\/www.tsc.gob.hn\/wp-content\/uploads\/Dia_bandera-1-370x304.jpg",370,304,true],"govity_blog_200X283":["https:\/\/www.tsc.gob.hn\/wp-content\/uploads\/Dia_bandera-1-200x283.jpg",200,283,true],"govity_blog_770X428":["https:\/\/www.tsc.gob.hn\/wp-content\/uploads\/Dia_bandera-1-770x428.jpg",770,428,true],"govity_brand_logo_202X102":["https:\/\/www.tsc.gob.hn\/wp-content\/uploads\/Dia_bandera-1-202x102.jpg",202,102,true],"govity_brand_woo_270X308":["https:\/\/www.tsc.gob.hn\/wp-content\/uploads\/Dia_bandera-1-270x308.jpg",270,308,true],"govity_brand_70X70":["https:\/\/www.tsc.gob.hn\/wp-content\/uploads\/Dia_bandera-1-70x70.jpg",70,70,true]},"uagb_author_info":{"display_name":"Ever Bueso","author_link":"https:\/\/www.tsc.gob.hn\/index.php\/author\/tsc_web_adm\/"},"uagb_comment_info":0,"uagb_excerpt":"El magistrado Jorge Gustavo Medina Rodr\u00edguez encabeza la ceremonia de izamiento de la Bandera Nacional en conmemoraci\u00f3n del 203 Aniversario de Independencia Patria. Tegucigalpa. En un acto solemne realizado en su sede principal, el Tribunal Superior de Cuentas (TSC) efectu\u00f3 un homenaje a la Bandera Nacional, en conmemoraci\u00f3n de su D\u00eda y en el marco&hellip;","_links":{"self":[{"href":"https:\/\/www.tsc.gob.hn\/index.php\/wp-json\/wp\/v2\/posts\/35707","targetHints":{"allow":["GET"]}}],"collection":[{"href":"https:\/\/www.tsc.gob.hn\/index.php\/wp-json\/wp\/v2\/posts"}],"about":[{"href":"https:\/\/www.tsc.gob.hn\/index.php\/wp-json\/wp\/v2\/types\/post"}],"author":[{"embeddable":true,"href":"https:\/\/www.tsc.gob.hn\/index.php\/wp-json\/wp\/v2\/users\/3"}],"replies":[{"embeddable":true,"href":"https:\/\/www.tsc.gob.hn\/index.php\/wp-json\/wp\/v2\/comments?post=35707"}],"version-history":[{"count":4,"href":"https:\/\/www.tsc.gob.hn\/index.php\/wp-json\/wp\/v2\/posts\/35707\/revisions"}],"predecessor-version":[{"id":35714,"href":"https:\/\/www.tsc.gob.hn\/index.php\/wp-json\/wp\/v2\/posts\/35707\/revisions\/35714"}],"wp:featuredmedia":[{"embeddable":true,"href":"https:\/\/www.tsc.gob.hn\/index.php\/wp-json\/wp\/v2\/media\/35708"}],"wp:attachment":[{"href":"https:\/\/www.tsc.gob.hn\/index.php\/wp-json\/wp\/v2\/media?parent=35707"}],"wp:term":[{"taxonomy":"category","embeddable":true,"href":"https:\/\/www.tsc.gob.hn\/index.php\/wp-json\/wp\/v2\/categories?post=35707"},{"taxonomy":"post_tag","embeddable":true,"href":"https:\/\/www.tsc.gob.hn\/index.php\/wp-json\/wp\/v2\/tags?post=35707"}],"curies":[{"name":"wp","href":"https:\/\/api.w.org\/{rel}","templated":true}]}}